{"id":9457,"date":"2023-10-07T10:17:47","date_gmt":"2023-10-07T08:17:47","guid":{"rendered":"https:\/\/www.crpc.be\/crpc_wp\/?p=9457"},"modified":"2025-02-01T14:20:40","modified_gmt":"2025-02-01T13:20:40","slug":"exposition-lumieres-de-charleroi-vernissage","status":"publish","type":"post","link":"https:\/\/crpc-asbl.be\/copie-crpc-activites\/2023\/10\/07\/exposition-lumieres-de-charleroi-vernissage\/","title":{"rendered":"Exposition \u00ab\u00a0Lumi\u00e8res de Charleroi\u00a0\u00bb &#8211; Vernissage &#8211;"},"content":{"rendered":"\t\t<div data-elementor-type=\"wp-post\" data-elementor-id=\"9457\" class=\"elementor elementor-9457\">\n\t\t\t\t\t\t<section class=\"elementor-section elementor-top-section elementor-element elementor-element-2721492 elementor-section-boxed elementor-section-height-default elementor-section-height-default\" data-id=\"2721492\" data-element_type=\"section\" data-e-type=\"section\" data-settings=\"{&quot;background_background&quot;:&quot;classic&quot;}\">\n\t\t\t\t\t\t<div class=\"elementor-container elementor-column-gap-default\">\n\t\t\t\t\t<div class=\"elementor-column elementor-col-100 elementor-top-column elementor-element elementor-element-4e40082\" data-id=\"4e40082\" data-element_type=\"column\" data-e-type=\"column\" data-settings=\"{&quot;background_background&quot;:&quot;classic&quot;}\">\n\t\t\t<div class=\"elementor-widget-wrap elementor-element-populated\">\n\t\t\t\t\t\t<div class=\"elementor-element elementor-element-4dfe3f3 elementor-widget elementor-widget-heading\" data-id=\"4dfe3f3\" data-element_type=\"widget\" data-e-type=\"widget\" data-widget_type=\"heading.default\">\n\t\t\t\t<div class=\"elementor-widget-container\">\n\t\t\t\t\t<h2 class=\"elementor-heading-title elementor-size-default\">Exposition \"Lumi\u00e8res de Charleroi\"<br>\nVendredi 06\/10\/2023 - Vernissage\n<\/h2>\t\t\t\t<\/div>\n\t\t\t\t<\/div>\n\t\t\t\t<div class=\"elementor-element elementor-element-3fa6689 elementor-widget elementor-widget-text-editor\" data-id=\"3fa6689\" data-element_type=\"widget\" data-e-type=\"widget\" data-widget_type=\"text-editor.default\">\n\t\t\t\t<div class=\"elementor-widget-container\">\n\t\t\t\t\t\t\t\t\t<p>Vendredi 06 octobre 2023, l\u2019\u00e9quipe de l\u2019Espace Wallonie de Charleroi, les membres du Cercle, quelques sympathisants et protagonistes ont particip\u00e9s au vernissage de l\u2019exposition qui ouvrira ses portes au public \u00e0 partir du mardi 10 octobre prochain jusqu\u2019au 15 d\u00e9cembre 2023.<\/p><p>Georges Vercheval,<span style=\"text-decoration: underline;\"> <a href=\"#jean-vernaux\">Jean Yernaux<\/a>,<\/span> Martine Michel et Philippe-Henri Copp\u00e9e nous ont fait l\u2019honneur de leur visite.<\/p>\t\t\t\t\t\t\t\t<\/div>\n\t\t\t\t<\/div>\n\t\t\t\t<div class=\"elementor-element elementor-element-3e77979 elementor-align-center elementor-widget elementor-widget-button\" data-id=\"3e77979\" data-element_type=\"widget\" data-e-type=\"widget\" data-widget_type=\"button.default\">\n\t\t\t\t<div class=\"elementor-widget-container\">\n\t\t\t\t\t\t\t\t\t<div class=\"elementor-button-wrapper\">\n\t\t\t\t\t<a class=\"elementor-button elementor-button-link elementor-size-lg\" href=\"https:\/\/crpc-asbl.be\/activites\/wp-content\/uploads\/2024\/03\/LumieresCharleroi_Affiche_A3-copie-1.png\">\n\t\t\t\t\t\t<span class=\"elementor-button-content-wrapper\">\n\t\t\t\t\t\t<span class=\"elementor-button-icon\">\n\t\t\t\t<svg aria-hidden=\"true\" class=\"e-font-icon-svg e-far-eye\" viewBox=\"0 0 576 512\" xmlns=\"http:\/\/www.w3.org\/2000\/svg\"><path d=\"M288 144a110.94 110.94 0 0 0-31.24 5 55.4 55.4 0 0 1 7.24 27 56 56 0 0 1-56 56 55.4 55.4 0 0 1-27-7.24A111.71 111.71 0 1 0 288 144zm284.52 97.4C518.29 135.59 410.93 64 288 64S57.68 135.64 3.48 241.41a32.35 32.35 0 0 0 0 29.19C57.71 376.41 165.07 448 288 448s230.32-71.64 284.52-177.41a32.35 32.35 0 0 0 0-29.19zM288 400c-98.65 0-189.09-55-237.93-144C98.91 167 189.34 112 288 112s189.09 55 237.93 144C477.1 345 386.66 400 288 400z\"><\/path><\/svg>\t\t\t<\/span>\n\t\t\t\t\t\t\t\t\t<span class=\"elementor-button-text\">Voir l'affiche <\/span>\n\t\t\t\t\t<\/span>\n\t\t\t\t\t<\/a>\n\t\t\t\t<\/div>\n\t\t\t\t\t\t\t\t<\/div>\n\t\t\t\t<\/div>\n\t\t\t\t\t<\/div>\n\t\t<\/div>\n\t\t\t\t\t<\/div>\n\t\t<\/section>\n\t\t\t\t<section class=\"elementor-section elementor-top-section elementor-element elementor-element-6837cff elementor-section-boxed elementor-section-height-default elementor-section-height-default\" data-id=\"6837cff\" data-element_type=\"section\" data-e-type=\"section\">\n\t\t\t\t\t\t<div class=\"elementor-container elementor-column-gap-default\">\n\t\t\t\t\t<div class=\"elementor-column elementor-col-100 elementor-top-column elementor-element elementor-element-587f45c\" data-id=\"587f45c\" data-element_type=\"column\" data-e-type=\"column\">\n\t\t\t<div class=\"elementor-widget-wrap elementor-element-populated\">\n\t\t\t\t\t\t<div class=\"elementor-element elementor-element-a7a6b57 elementor-widget elementor-widget-image-gallery\" data-id=\"a7a6b57\" data-element_type=\"widget\" data-e-type=\"widget\" data-widget_type=\"image-gallery.default\">\n\t\t\t\t<div class=\"elementor-widget-container\">\n\t\t\t\t\t\t\t<div class=\"elementor-image-gallery\">\n\t\t\t\n\t\t<style type=\"text\/css\">\n\t\t\t#gallery-1 {\n\t\t\t\tmargin: auto;\n\t\t\t}\n\t\t\t#gallery-1 .gallery-item {\n\t\t\t\tfloat: left;\n\t\t\t\tmargin-top: 10px;\n\t\t\t\ttext-align: center;\n\t\t\t\twidth: 25%;\n\t\t\t}\n\t\t\t#gallery-1 img {\n\t\t\t\tborder: 2px solid #cfcfcf;\n\t\t\t}\n\t\t\t#gallery-1 .gallery-caption {\n\t\t\t\tmargin-left: 0;\n\t\t\t}\n\t\t\t\/* see gallery_shortcode() in wp-includes\/media.php *\/\n\t\t<\/style>\n\t\t<div id='gallery-1' class='gallery galleryid-9457 gallery-columns-4 gallery-size-thumbnail'><dl class='gallery-item'>\n\t\t\t<dt class='gallery-icon landscape'>\n\t\t\t\t<a data-elementor-open-lightbox=\"yes\" data-elementor-lightbox-slideshow=\"a7a6b57\" data-elementor-lightbox-title=\"VERNISSAGE_EXPO_2023_CRPC_EW-1\" data-e-action-hash=\"#elementor-action%3Aaction%3Dlightbox%26settings%3DeyJpZCI6MTM1MjcsInVybCI6Imh0dHBzOlwvXC9jcnBjLWFzYmwuYmVcL2NvcGllLWNycGMtYWN0aXZpdGVzXC93cC1jb250ZW50XC91cGxvYWRzXC8yMDI0XC8wM1wvVkVSTklTU0FHRV9FWFBPXzIwMjNfQ1JQQ19FVy0xLTEuanBnIiwic2xpZGVzaG93IjoiYTdhNmI1NyJ9\" href='https:\/\/crpc-asbl.be\/copie-crpc-activites\/wp-content\/uploads\/2024\/03\/VERNISSAGE_EXPO_2023_CRPC_EW-1-1.jpg'><img decoding=\"async\" width=\"150\" height=\"150\" src=\"https:\/\/crpc-asbl.be\/copie-crpc-activites\/wp-content\/uploads\/2024\/03\/VERNISSAGE_EXPO_2023_CRPC_EW-1-1-150x150.jpg\" class=\"attachment-thumbnail size-thumbnail\" alt=\"\" srcset=\"https:\/\/crpc-asbl.be\/copie-crpc-activites\/wp-content\/uploads\/2024\/03\/VERNISSAGE_EXPO_2023_CRPC_EW-1-1-150x150.jpg 150w, https:\/\/crpc-asbl.be\/copie-crpc-activites\/wp-content\/uploads\/2024\/03\/VERNISSAGE_EXPO_2023_CRPC_EW-1-1-440x440.jpg 440w\" sizes=\"(max-width: 150px) 100vw, 150px\" \/><\/a>\n\t\t\t<\/dt><\/dl><dl class='gallery-item'>\n\t\t\t<dt class='gallery-icon landscape'>\n\t\t\t\t<a data-elementor-open-lightbox=\"yes\" data-elementor-lightbox-slideshow=\"a7a6b57\" data-elementor-lightbox-title=\"VERNISSAGE_EXPO_2023_CRPC_EW-2\" data-e-action-hash=\"#elementor-action%3Aaction%3Dlightbox%26settings%3DeyJpZCI6MTM1MjgsInVybCI6Imh0dHBzOlwvXC9jcnBjLWFzYmwuYmVcL2NvcGllLWNycGMtYWN0aXZpdGVzXC93cC1jb250ZW50XC91cGxvYWRzXC8yMDI0XC8wM1wvVkVSTklTU0FHRV9FWFBPXzIwMjNfQ1JQQ19FVy0yLmpwZyIsInNsaWRlc2hvdyI6ImE3YTZiNTcifQ%3D%3D\" href='https:\/\/crpc-asbl.be\/copie-crpc-activites\/wp-content\/uploads\/2024\/03\/VERNISSAGE_EXPO_2023_CRPC_EW-2.jpg'><img decoding=\"async\" width=\"150\" height=\"150\" src=\"https:\/\/crpc-asbl.be\/copie-crpc-activites\/wp-content\/uploads\/2024\/03\/VERNISSAGE_EXPO_2023_CRPC_EW-2-150x150.jpg\" class=\"attachment-thumbnail size-thumbnail\" alt=\"\" srcset=\"https:\/\/crpc-asbl.be\/copie-crpc-activites\/wp-content\/uploads\/2024\/03\/VERNISSAGE_EXPO_2023_CRPC_EW-2-150x150.jpg 150w, https:\/\/crpc-asbl.be\/copie-crpc-activites\/wp-content\/uploads\/2024\/03\/VERNISSAGE_EXPO_2023_CRPC_EW-2-440x440.jpg 440w\" sizes=\"(max-width: 150px) 100vw, 150px\" \/><\/a>\n\t\t\t<\/dt><\/dl><dl class='gallery-item'>\n\t\t\t<dt class='gallery-icon landscape'>\n\t\t\t\t<a data-elementor-open-lightbox=\"yes\" data-elementor-lightbox-slideshow=\"a7a6b57\" data-elementor-lightbox-title=\"VERNISSAGE_EXPO_2023_CRPC_EW-3\" data-e-action-hash=\"#elementor-action%3Aaction%3Dlightbox%26settings%3DeyJpZCI6MTM1MjksInVybCI6Imh0dHBzOlwvXC9jcnBjLWFzYmwuYmVcL2NvcGllLWNycGMtYWN0aXZpdGVzXC93cC1jb250ZW50XC91cGxvYWRzXC8yMDI0XC8wM1wvVkVSTklTU0FHRV9FWFBPXzIwMjNfQ1JQQ19FVy0zLmpwZyIsInNsaWRlc2hvdyI6ImE3YTZiNTcifQ%3D%3D\" href='https:\/\/crpc-asbl.be\/copie-crpc-activites\/wp-content\/uploads\/2024\/03\/VERNISSAGE_EXPO_2023_CRPC_EW-3.jpg'><img decoding=\"async\" width=\"150\" height=\"150\" src=\"https:\/\/crpc-asbl.be\/copie-crpc-activites\/wp-content\/uploads\/2024\/03\/VERNISSAGE_EXPO_2023_CRPC_EW-3-150x150.jpg\" class=\"attachment-thumbnail size-thumbnail\" alt=\"\" srcset=\"https:\/\/crpc-asbl.be\/copie-crpc-activites\/wp-content\/uploads\/2024\/03\/VERNISSAGE_EXPO_2023_CRPC_EW-3-150x150.jpg 150w, https:\/\/crpc-asbl.be\/copie-crpc-activites\/wp-content\/uploads\/2024\/03\/VERNISSAGE_EXPO_2023_CRPC_EW-3-440x440.jpg 440w\" sizes=\"(max-width: 150px) 100vw, 150px\" \/><\/a>\n\t\t\t<\/dt><\/dl><dl class='gallery-item'>\n\t\t\t<dt class='gallery-icon landscape'>\n\t\t\t\t<a data-elementor-open-lightbox=\"yes\" data-elementor-lightbox-slideshow=\"a7a6b57\" data-elementor-lightbox-title=\"VERNISSAGE_EXPO_2023_CRPC_EW-4\" data-e-action-hash=\"#elementor-action%3Aaction%3Dlightbox%26settings%3DeyJpZCI6MTM1MzAsInVybCI6Imh0dHBzOlwvXC9jcnBjLWFzYmwuYmVcL2NvcGllLWNycGMtYWN0aXZpdGVzXC93cC1jb250ZW50XC91cGxvYWRzXC8yMDI0XC8wM1wvVkVSTklTU0FHRV9FWFBPXzIwMjNfQ1JQQ19FVy00LmpwZyIsInNsaWRlc2hvdyI6ImE3YTZiNTcifQ%3D%3D\" href='https:\/\/crpc-asbl.be\/copie-crpc-activites\/wp-content\/uploads\/2024\/03\/VERNISSAGE_EXPO_2023_CRPC_EW-4.jpg'><img loading=\"lazy\" loading=\"lazy\" decoding=\"async\" width=\"150\" height=\"150\" src=\"https:\/\/crpc-asbl.be\/copie-crpc-activites\/wp-content\/uploads\/2024\/03\/VERNISSAGE_EXPO_2023_CRPC_EW-4-150x150.jpg\" class=\"attachment-thumbnail size-thumbnail\" alt=\"\" srcset=\"https:\/\/crpc-asbl.be\/copie-crpc-activites\/wp-content\/uploads\/2024\/03\/VERNISSAGE_EXPO_2023_CRPC_EW-4-150x150.jpg 150w, https:\/\/crpc-asbl.be\/copie-crpc-activites\/wp-content\/uploads\/2024\/03\/VERNISSAGE_EXPO_2023_CRPC_EW-4-440x440.jpg 440w\" sizes=\"(max-width: 150px) 100vw, 150px\" \/><\/a>\n\t\t\t<\/dt><\/dl><br style=\"clear: both\" \/><dl class='gallery-item'>\n\t\t\t<dt class='gallery-icon landscape'>\n\t\t\t\t<a data-elementor-open-lightbox=\"yes\" data-elementor-lightbox-slideshow=\"a7a6b57\" data-elementor-lightbox-title=\"VERNISSAGE_EXPO_2023_CRPC_EW-5\" data-e-action-hash=\"#elementor-action%3Aaction%3Dlightbox%26settings%3DeyJpZCI6MTM1MzIsInVybCI6Imh0dHBzOlwvXC9jcnBjLWFzYmwuYmVcL2NvcGllLWNycGMtYWN0aXZpdGVzXC93cC1jb250ZW50XC91cGxvYWRzXC8yMDI0XC8wM1wvVkVSTklTU0FHRV9FWFBPXzIwMjNfQ1JQQ19FVy01LmpwZyIsInNsaWRlc2hvdyI6ImE3YTZiNTcifQ%3D%3D\" href='https:\/\/crpc-asbl.be\/copie-crpc-activites\/wp-content\/uploads\/2024\/03\/VERNISSAGE_EXPO_2023_CRPC_EW-5.jpg'><img loading=\"lazy\" loading=\"lazy\" decoding=\"async\" width=\"150\" height=\"150\" src=\"https:\/\/crpc-asbl.be\/copie-crpc-activites\/wp-content\/uploads\/2024\/03\/VERNISSAGE_EXPO_2023_CRPC_EW-5-150x150.jpg\" class=\"attachment-thumbnail size-thumbnail\" alt=\"\" srcset=\"https:\/\/crpc-asbl.be\/copie-crpc-activites\/wp-content\/uploads\/2024\/03\/VERNISSAGE_EXPO_2023_CRPC_EW-5-150x150.jpg 150w, https:\/\/crpc-asbl.be\/copie-crpc-activites\/wp-content\/uploads\/2024\/03\/VERNISSAGE_EXPO_2023_CRPC_EW-5-440x440.jpg 440w\" sizes=\"(max-width: 150px) 100vw, 150px\" \/><\/a>\n\t\t\t<\/dt><\/dl><dl class='gallery-item'>\n\t\t\t<dt class='gallery-icon landscape'>\n\t\t\t\t<a data-elementor-open-lightbox=\"yes\" data-elementor-lightbox-slideshow=\"a7a6b57\" data-elementor-lightbox-title=\"VERNISSAGE_EXPO_2023_CRPC_EW-6\" data-e-action-hash=\"#elementor-action%3Aaction%3Dlightbox%26settings%3DeyJpZCI6MTM1MzMsInVybCI6Imh0dHBzOlwvXC9jcnBjLWFzYmwuYmVcL2NvcGllLWNycGMtYWN0aXZpdGVzXC93cC1jb250ZW50XC91cGxvYWRzXC8yMDI0XC8wM1wvVkVSTklTU0FHRV9FWFBPXzIwMjNfQ1JQQ19FVy02LmpwZyIsInNsaWRlc2hvdyI6ImE3YTZiNTcifQ%3D%3D\" href='https:\/\/crpc-asbl.be\/copie-crpc-activites\/wp-content\/uploads\/2024\/03\/VERNISSAGE_EXPO_2023_CRPC_EW-6.jpg'><img loading=\"lazy\" loading=\"lazy\" decoding=\"async\" width=\"150\" height=\"150\" src=\"https:\/\/crpc-asbl.be\/copie-crpc-activites\/wp-content\/uploads\/2024\/03\/VERNISSAGE_EXPO_2023_CRPC_EW-6-150x150.jpg\" class=\"attachment-thumbnail size-thumbnail\" alt=\"\" srcset=\"https:\/\/crpc-asbl.be\/copie-crpc-activites\/wp-content\/uploads\/2024\/03\/VERNISSAGE_EXPO_2023_CRPC_EW-6-150x150.jpg 150w, https:\/\/crpc-asbl.be\/copie-crpc-activites\/wp-content\/uploads\/2024\/03\/VERNISSAGE_EXPO_2023_CRPC_EW-6-440x440.jpg 440w\" sizes=\"(max-width: 150px) 100vw, 150px\" \/><\/a>\n\t\t\t<\/dt><\/dl><dl class='gallery-item'>\n\t\t\t<dt class='gallery-icon landscape'>\n\t\t\t\t<a data-elementor-open-lightbox=\"yes\" data-elementor-lightbox-slideshow=\"a7a6b57\" data-elementor-lightbox-title=\"VERNISSAGE_EXPO_2023_CRPC_EW-7\" data-e-action-hash=\"#elementor-action%3Aaction%3Dlightbox%26settings%3DeyJpZCI6MTM1MzQsInVybCI6Imh0dHBzOlwvXC9jcnBjLWFzYmwuYmVcL2NvcGllLWNycGMtYWN0aXZpdGVzXC93cC1jb250ZW50XC91cGxvYWRzXC8yMDI0XC8wM1wvVkVSTklTU0FHRV9FWFBPXzIwMjNfQ1JQQ19FVy03LmpwZyIsInNsaWRlc2hvdyI6ImE3YTZiNTcifQ%3D%3D\" href='https:\/\/crpc-asbl.be\/copie-crpc-activites\/wp-content\/uploads\/2024\/03\/VERNISSAGE_EXPO_2023_CRPC_EW-7.jpg'><img loading=\"lazy\" loading=\"lazy\" decoding=\"async\" width=\"150\" height=\"150\" src=\"https:\/\/crpc-asbl.be\/copie-crpc-activites\/wp-content\/uploads\/2024\/03\/VERNISSAGE_EXPO_2023_CRPC_EW-7-150x150.jpg\" class=\"attachment-thumbnail size-thumbnail\" alt=\"\" srcset=\"https:\/\/crpc-asbl.be\/copie-crpc-activites\/wp-content\/uploads\/2024\/03\/VERNISSAGE_EXPO_2023_CRPC_EW-7-150x150.jpg 150w, https:\/\/crpc-asbl.be\/copie-crpc-activites\/wp-content\/uploads\/2024\/03\/VERNISSAGE_EXPO_2023_CRPC_EW-7-440x440.jpg 440w\" sizes=\"(max-width: 150px) 100vw, 150px\" \/><\/a>\n\t\t\t<\/dt><\/dl><dl class='gallery-item'>\n\t\t\t<dt class='gallery-icon landscape'>\n\t\t\t\t<a data-elementor-open-lightbox=\"yes\" data-elementor-lightbox-slideshow=\"a7a6b57\" data-elementor-lightbox-title=\"VERNISSAGE_EXPO_2023_CRPC_EW-8\" data-e-action-hash=\"#elementor-action%3Aaction%3Dlightbox%26settings%3DeyJpZCI6MTM1MzUsInVybCI6Imh0dHBzOlwvXC9jcnBjLWFzYmwuYmVcL2NvcGllLWNycGMtYWN0aXZpdGVzXC93cC1jb250ZW50XC91cGxvYWRzXC8yMDI0XC8wM1wvVkVSTklTU0FHRV9FWFBPXzIwMjNfQ1JQQ19FVy04LmpwZyIsInNsaWRlc2hvdyI6ImE3YTZiNTcifQ%3D%3D\" href='https:\/\/crpc-asbl.be\/copie-crpc-activites\/wp-content\/uploads\/2024\/03\/VERNISSAGE_EXPO_2023_CRPC_EW-8.jpg'><img loading=\"lazy\" loading=\"lazy\" decoding=\"async\" width=\"150\" height=\"150\" src=\"https:\/\/crpc-asbl.be\/copie-crpc-activites\/wp-content\/uploads\/2024\/03\/VERNISSAGE_EXPO_2023_CRPC_EW-8-150x150.jpg\" class=\"attachment-thumbnail size-thumbnail\" alt=\"\" srcset=\"https:\/\/crpc-asbl.be\/copie-crpc-activites\/wp-content\/uploads\/2024\/03\/VERNISSAGE_EXPO_2023_CRPC_EW-8-150x150.jpg 150w, https:\/\/crpc-asbl.be\/copie-crpc-activites\/wp-content\/uploads\/2024\/03\/VERNISSAGE_EXPO_2023_CRPC_EW-8-300x300.jpg 300w, https:\/\/crpc-asbl.be\/copie-crpc-activites\/wp-content\/uploads\/2024\/03\/VERNISSAGE_EXPO_2023_CRPC_EW-8-1024x1024.jpg 1024w, https:\/\/crpc-asbl.be\/copie-crpc-activites\/wp-content\/uploads\/2024\/03\/VERNISSAGE_EXPO_2023_CRPC_EW-8-768x768.jpg 768w, https:\/\/crpc-asbl.be\/copie-crpc-activites\/wp-content\/uploads\/2024\/03\/VERNISSAGE_EXPO_2023_CRPC_EW-8-1080x1080.jpg 1080w, https:\/\/crpc-asbl.be\/copie-crpc-activites\/wp-content\/uploads\/2024\/03\/VERNISSAGE_EXPO_2023_CRPC_EW-8-440x440.jpg 440w, https:\/\/crpc-asbl.be\/copie-crpc-activites\/wp-content\/uploads\/2024\/03\/VERNISSAGE_EXPO_2023_CRPC_EW-8.jpg 1250w\" sizes=\"(max-width: 150px) 100vw, 150px\" \/><\/a>\n\t\t\t<\/dt><\/dl><br style=\"clear: both\" \/><dl class='gallery-item'>\n\t\t\t<dt class='gallery-icon landscape'>\n\t\t\t\t<a data-elementor-open-lightbox=\"yes\" data-elementor-lightbox-slideshow=\"a7a6b57\" data-elementor-lightbox-title=\"VERNISSAGE_EXPO_2023_CRPC_EW-9\" data-e-action-hash=\"#elementor-action%3Aaction%3Dlightbox%26settings%3DeyJpZCI6MTM1MzYsInVybCI6Imh0dHBzOlwvXC9jcnBjLWFzYmwuYmVcL2NvcGllLWNycGMtYWN0aXZpdGVzXC93cC1jb250ZW50XC91cGxvYWRzXC8yMDI0XC8wM1wvVkVSTklTU0FHRV9FWFBPXzIwMjNfQ1JQQ19FVy05LmpwZyIsInNsaWRlc2hvdyI6ImE3YTZiNTcifQ%3D%3D\" href='https:\/\/crpc-asbl.be\/copie-crpc-activites\/wp-content\/uploads\/2024\/03\/VERNISSAGE_EXPO_2023_CRPC_EW-9.jpg'><img loading=\"lazy\" loading=\"lazy\" decoding=\"async\" width=\"150\" height=\"150\" src=\"https:\/\/crpc-asbl.be\/copie-crpc-activites\/wp-content\/uploads\/2024\/03\/VERNISSAGE_EXPO_2023_CRPC_EW-9-150x150.jpg\" class=\"attachment-thumbnail size-thumbnail\" alt=\"\" srcset=\"https:\/\/crpc-asbl.be\/copie-crpc-activites\/wp-content\/uploads\/2024\/03\/VERNISSAGE_EXPO_2023_CRPC_EW-9-150x150.jpg 150w, https:\/\/crpc-asbl.be\/copie-crpc-activites\/wp-content\/uploads\/2024\/03\/VERNISSAGE_EXPO_2023_CRPC_EW-9-300x300.jpg 300w, https:\/\/crpc-asbl.be\/copie-crpc-activites\/wp-content\/uploads\/2024\/03\/VERNISSAGE_EXPO_2023_CRPC_EW-9-1024x1024.jpg 1024w, https:\/\/crpc-asbl.be\/copie-crpc-activites\/wp-content\/uploads\/2024\/03\/VERNISSAGE_EXPO_2023_CRPC_EW-9-768x768.jpg 768w, https:\/\/crpc-asbl.be\/copie-crpc-activites\/wp-content\/uploads\/2024\/03\/VERNISSAGE_EXPO_2023_CRPC_EW-9-1080x1080.jpg 1080w, https:\/\/crpc-asbl.be\/copie-crpc-activites\/wp-content\/uploads\/2024\/03\/VERNISSAGE_EXPO_2023_CRPC_EW-9-440x440.jpg 440w, https:\/\/crpc-asbl.be\/copie-crpc-activites\/wp-content\/uploads\/2024\/03\/VERNISSAGE_EXPO_2023_CRPC_EW-9.jpg 1250w\" sizes=\"(max-width: 150px) 100vw, 150px\" \/><\/a>\n\t\t\t<\/dt><\/dl><dl class='gallery-item'>\n\t\t\t<dt class='gallery-icon landscape'>\n\t\t\t\t<a data-elementor-open-lightbox=\"yes\" data-elementor-lightbox-slideshow=\"a7a6b57\" data-elementor-lightbox-title=\"VERNISSAGE_EXPO_2023_CRPC_EW-10\" data-e-action-hash=\"#elementor-action%3Aaction%3Dlightbox%26settings%3DeyJpZCI6MTM1MzcsInVybCI6Imh0dHBzOlwvXC9jcnBjLWFzYmwuYmVcL2NvcGllLWNycGMtYWN0aXZpdGVzXC93cC1jb250ZW50XC91cGxvYWRzXC8yMDI0XC8wM1wvVkVSTklTU0FHRV9FWFBPXzIwMjNfQ1JQQ19FVy0xMC5qcGciLCJzbGlkZXNob3ciOiJhN2E2YjU3In0%3D\" href='https:\/\/crpc-asbl.be\/copie-crpc-activites\/wp-content\/uploads\/2024\/03\/VERNISSAGE_EXPO_2023_CRPC_EW-10.jpg'><img loading=\"lazy\" loading=\"lazy\" decoding=\"async\" width=\"150\" height=\"150\" src=\"https:\/\/crpc-asbl.be\/copie-crpc-activites\/wp-content\/uploads\/2024\/03\/VERNISSAGE_EXPO_2023_CRPC_EW-10-150x150.jpg\" class=\"attachment-thumbnail size-thumbnail\" alt=\"\" srcset=\"https:\/\/crpc-asbl.be\/copie-crpc-activites\/wp-content\/uploads\/2024\/03\/VERNISSAGE_EXPO_2023_CRPC_EW-10-150x150.jpg 150w, https:\/\/crpc-asbl.be\/copie-crpc-activites\/wp-content\/uploads\/2024\/03\/VERNISSAGE_EXPO_2023_CRPC_EW-10-300x300.jpg 300w, https:\/\/crpc-asbl.be\/copie-crpc-activites\/wp-content\/uploads\/2024\/03\/VERNISSAGE_EXPO_2023_CRPC_EW-10-1024x1024.jpg 1024w, https:\/\/crpc-asbl.be\/copie-crpc-activites\/wp-content\/uploads\/2024\/03\/VERNISSAGE_EXPO_2023_CRPC_EW-10-768x768.jpg 768w, https:\/\/crpc-asbl.be\/copie-crpc-activites\/wp-content\/uploads\/2024\/03\/VERNISSAGE_EXPO_2023_CRPC_EW-10-1080x1080.jpg 1080w, https:\/\/crpc-asbl.be\/copie-crpc-activites\/wp-content\/uploads\/2024\/03\/VERNISSAGE_EXPO_2023_CRPC_EW-10-440x440.jpg 440w, https:\/\/crpc-asbl.be\/copie-crpc-activites\/wp-content\/uploads\/2024\/03\/VERNISSAGE_EXPO_2023_CRPC_EW-10.jpg 1250w\" sizes=\"(max-width: 150px) 100vw, 150px\" \/><\/a>\n\t\t\t<\/dt><\/dl><dl class='gallery-item'>\n\t\t\t<dt class='gallery-icon landscape'>\n\t\t\t\t<a data-elementor-open-lightbox=\"yes\" data-elementor-lightbox-slideshow=\"a7a6b57\" data-elementor-lightbox-title=\"VERNISSAGE_EXPO_2023_CRPC_EW-11\" data-e-action-hash=\"#elementor-action%3Aaction%3Dlightbox%26settings%3DeyJpZCI6MTM1MzgsInVybCI6Imh0dHBzOlwvXC9jcnBjLWFzYmwuYmVcL2NvcGllLWNycGMtYWN0aXZpdGVzXC93cC1jb250ZW50XC91cGxvYWRzXC8yMDI0XC8wM1wvVkVSTklTU0FHRV9FWFBPXzIwMjNfQ1JQQ19FVy0xMS5qcGciLCJzbGlkZXNob3ciOiJhN2E2YjU3In0%3D\" href='https:\/\/crpc-asbl.be\/copie-crpc-activites\/wp-content\/uploads\/2024\/03\/VERNISSAGE_EXPO_2023_CRPC_EW-11.jpg'><img loading=\"lazy\" loading=\"lazy\" decoding=\"async\" width=\"150\" height=\"150\" src=\"https:\/\/crpc-asbl.be\/copie-crpc-activites\/wp-content\/uploads\/2024\/03\/VERNISSAGE_EXPO_2023_CRPC_EW-11-150x150.jpg\" class=\"attachment-thumbnail size-thumbnail\" alt=\"\" srcset=\"https:\/\/crpc-asbl.be\/copie-crpc-activites\/wp-content\/uploads\/2024\/03\/VERNISSAGE_EXPO_2023_CRPC_EW-11-150x150.jpg 150w, https:\/\/crpc-asbl.be\/copie-crpc-activites\/wp-content\/uploads\/2024\/03\/VERNISSAGE_EXPO_2023_CRPC_EW-11-440x440.jpg 440w\" sizes=\"(max-width: 150px) 100vw, 150px\" \/><\/a>\n\t\t\t<\/dt><\/dl><dl class='gallery-item'>\n\t\t\t<dt class='gallery-icon landscape'>\n\t\t\t\t<a data-elementor-open-lightbox=\"yes\" data-elementor-lightbox-slideshow=\"a7a6b57\" data-elementor-lightbox-title=\"VERNISSAGE_EXPO_2023_CRPC_EW-12\" data-e-action-hash=\"#elementor-action%3Aaction%3Dlightbox%26settings%3DeyJpZCI6MTM1MzksInVybCI6Imh0dHBzOlwvXC9jcnBjLWFzYmwuYmVcL2NvcGllLWNycGMtYWN0aXZpdGVzXC93cC1jb250ZW50XC91cGxvYWRzXC8yMDI0XC8wM1wvVkVSTklTU0FHRV9FWFBPXzIwMjNfQ1JQQ19FVy0xMi5qcGciLCJzbGlkZXNob3ciOiJhN2E2YjU3In0%3D\" href='https:\/\/crpc-asbl.be\/copie-crpc-activites\/wp-content\/uploads\/2024\/03\/VERNISSAGE_EXPO_2023_CRPC_EW-12.jpg'><img loading=\"lazy\" loading=\"lazy\" decoding=\"async\" width=\"150\" height=\"150\" src=\"https:\/\/crpc-asbl.be\/copie-crpc-activites\/wp-content\/uploads\/2024\/03\/VERNISSAGE_EXPO_2023_CRPC_EW-12-150x150.jpg\" class=\"attachment-thumbnail size-thumbnail\" alt=\"\" srcset=\"https:\/\/crpc-asbl.be\/copie-crpc-activites\/wp-content\/uploads\/2024\/03\/VERNISSAGE_EXPO_2023_CRPC_EW-12-150x150.jpg 150w, https:\/\/crpc-asbl.be\/copie-crpc-activites\/wp-content\/uploads\/2024\/03\/VERNISSAGE_EXPO_2023_CRPC_EW-12-440x440.jpg 440w\" sizes=\"(max-width: 150px) 100vw, 150px\" \/><\/a>\n\t\t\t<\/dt><\/dl><br style=\"clear: both\" \/>\n\t\t<\/div>\n\t\t<\/div>\n\t\t\t\t\t\t<\/div>\n\t\t\t\t<\/div>\n\t\t\t\t\t<\/div>\n\t\t<\/div>\n\t\t\t\t\t<\/div>\n\t\t<\/section>\n\t\t<div class=\"elementor-element elementor-element-66b0a2d e-flex e-con-boxed e-con e-parent\" data-id=\"66b0a2d\" data-element_type=\"container\" data-e-type=\"container\" id=\"jean-vernaux\">\n\t\t\t\t\t<div class=\"e-con-inner\">\n\t\t\t\t<div class=\"elementor-element elementor-element-23ae7f6 elementor-widget elementor-widget-text-editor\" data-id=\"23ae7f6\" data-element_type=\"widget\" data-e-type=\"widget\" data-widget_type=\"text-editor.default\">\n\t\t\t\t<div class=\"elementor-widget-container\">\n\t\t\t\t\t\t\t\t\t<p><strong>Jean Lucien Yernaux<\/strong><\/p><p>N\u00e9 \u00e0 Marbais le 24 juillet 1930 est d\u00e9c\u00e9d\u00e9 le 29 septembre 2024.<br \/>Architecte et urbaniste belge actif principalement \u00e0 Charleroi entre les ann\u00e9es 1960 et 2000. Il est consid\u00e9r\u00e9 comme l&rsquo;une des personnalit\u00e9s qui ont \u00ab fait \u00bb la structure urbaine de Charleroi. (<strong><a href=\"https:\/\/fr.wikipedia.org\/wiki\/Jean_Yernaux\" target=\"_blank\" rel=\"noopener\">Wikipedia<\/a><\/strong>)<\/p>\t\t\t\t\t\t\t\t<\/div>\n\t\t\t\t<\/div>\n\t\t\t\t<div class=\"elementor-element elementor-element-e73fc5c elementor-widget elementor-widget-image\" data-id=\"e73fc5c\" data-element_type=\"widget\" data-e-type=\"widget\" data-widget_type=\"image.default\">\n\t\t\t\t<div class=\"elementor-widget-container\">\n\t\t\t\t\t\t\t\t\t\t\t\t<figure class=\"wp-caption\">\n\t\t\t\t\t\t\t\t\t\t\t<a href=\"https:\/\/fr.wikipedia.org\/wiki\/Jean_Yernaux\" target=\"_blank\">\n\t\t\t\t\t\t\t<img loading=\"lazy\" loading=\"lazy\" decoding=\"async\" width=\"225\" height=\"300\" src=\"https:\/\/crpc-asbl.be\/copie-crpc-activites\/wp-content\/uploads\/2023\/10\/Jean_Yernaux_04_portrait-225x300.jpg\" class=\"attachment-medium size-medium wp-image-18789\" alt=\"\" srcset=\"https:\/\/crpc-asbl.be\/copie-crpc-activites\/wp-content\/uploads\/2023\/10\/Jean_Yernaux_04_portrait-225x300.jpg 225w, https:\/\/crpc-asbl.be\/copie-crpc-activites\/wp-content\/uploads\/2023\/10\/Jean_Yernaux_04_portrait-768x1024.jpg 768w, https:\/\/crpc-asbl.be\/copie-crpc-activites\/wp-content\/uploads\/2023\/10\/Jean_Yernaux_04_portrait-1152x1536.jpg 1152w, https:\/\/crpc-asbl.be\/copie-crpc-activites\/wp-content\/uploads\/2023\/10\/Jean_Yernaux_04_portrait-1080x1440.jpg 1080w, https:\/\/crpc-asbl.be\/copie-crpc-activites\/wp-content\/uploads\/2023\/10\/Jean_Yernaux_04_portrait.jpg 1200w\" sizes=\"(max-width: 225px) 100vw, 225px\" \/>\t\t\t\t\t\t\t\t<\/a>\n\t\t\t\t\t\t\t\t\t\t\t<figcaption class=\"widget-image-caption wp-caption-text\">Jean Yernaux - Wikipedia<\/figcaption>\n\t\t\t\t\t\t\t\t\t\t<\/figure>\n\t\t\t\t\t\t\t\t\t<\/div>\n\t\t\t\t<\/div>\n\t\t\t\t\t<\/div>\n\t\t\t\t<\/div>\n\t\t\t\t<\/div>\n\t\t","protected":false},"excerpt":{"rendered":"<p>Exposition \u00ab\u00a0Lumi\u00e8res de Charleroi\u00a0\u00bb Vendredi 06\/10\/2023 &#8211; Vernissage Vendredi 06 octobre 2023, l\u2019\u00e9quipe de l\u2019Espace Wallonie de Charleroi, les membres du Cercle, quelques sympathisants et protagonistes ont particip\u00e9s au vernissage de l\u2019exposition qui ouvrira ses portes au public \u00e0 partir du mardi 10 octobre prochain jusqu\u2019au 15 d\u00e9cembre 2023. Georges Vercheval, Jean Yernaux, Martine Michel [&hellip;]<\/p>\n","protected":false},"author":1,"featured_media":15503,"comment_status":"closed","ping_status":"open","sticky":false,"template":"elementor_header_footer","format":"standard","meta":{"_et_pb_use_builder":"","_et_pb_old_content":"","_et_gb_content_width":"","_eb_attr":"","footnotes":""},"categories":[31,33,38],"tags":[],"class_list":["post-9457","post","type-post","status-publish","format-standard","has-post-thumbnail","hentry","category-2020-2029","category-exposition","category-lumieres-de-charleroi","et-has-post-format-content","et_post_format-et-post-format-standard"],"_links":{"self":[{"href":"https:\/\/crpc-asbl.be\/copie-crpc-activites\/wp-json\/wp\/v2\/posts\/9457","targetHints":{"allow":["GET"]}}],"collection":[{"href":"https:\/\/crpc-asbl.be\/copie-crpc-activites\/wp-json\/wp\/v2\/posts"}],"about":[{"href":"https:\/\/crpc-asbl.be\/copie-crpc-activites\/wp-json\/wp\/v2\/types\/post"}],"author":[{"embeddable":true,"href":"https:\/\/crpc-asbl.be\/copie-crpc-activites\/wp-json\/wp\/v2\/users\/1"}],"replies":[{"embeddable":true,"href":"https:\/\/crpc-asbl.be\/copie-crpc-activites\/wp-json\/wp\/v2\/comments?post=9457"}],"version-history":[{"count":1,"href":"https:\/\/crpc-asbl.be\/copie-crpc-activites\/wp-json\/wp\/v2\/posts\/9457\/revisions"}],"predecessor-version":[{"id":20685,"href":"https:\/\/crpc-asbl.be\/copie-crpc-activites\/wp-json\/wp\/v2\/posts\/9457\/revisions\/20685"}],"wp:featuredmedia":[{"embeddable":true,"href":"https:\/\/crpc-asbl.be\/copie-crpc-activites\/wp-json\/wp\/v2\/media\/15503"}],"wp:attachment":[{"href":"https:\/\/crpc-asbl.be\/copie-crpc-activites\/wp-json\/wp\/v2\/media?parent=9457"}],"wp:term":[{"taxonomy":"category","embeddable":true,"href":"https:\/\/crpc-asbl.be\/copie-crpc-activites\/wp-json\/wp\/v2\/categories?post=9457"},{"taxonomy":"post_tag","embeddable":true,"href":"https:\/\/crpc-asbl.be\/copie-crpc-activites\/wp-json\/wp\/v2\/tags?post=9457"}],"curies":[{"name":"wp","href":"https:\/\/api.w.org\/{rel}","templated":true}]}}