{"id":3987,"date":"2021-03-26T14:27:12","date_gmt":"2021-03-26T13:27:12","guid":{"rendered":"https:\/\/www.crpc.be\/crpc_wp\/?p=3987"},"modified":"2024-03-23T15:59:33","modified_gmt":"2024-03-23T14:59:33","slug":"mars-2021","status":"publish","type":"post","link":"https:\/\/crpc-asbl.be\/copie-crpc-activites\/2021\/03\/26\/mars-2021\/","title":{"rendered":"Mars 2021"},"content":{"rendered":"\t\t<div data-elementor-type=\"wp-post\" data-elementor-id=\"3987\" class=\"elementor elementor-3987\">\n\t\t\t\t\t\t<section class=\"elementor-section elementor-top-section elementor-element elementor-element-3444ee58 elementor-section-boxed elementor-section-height-default elementor-section-height-default\" data-id=\"3444ee58\" data-element_type=\"section\" data-e-type=\"section\" data-settings=\"{&quot;background_background&quot;:&quot;classic&quot;}\">\n\t\t\t\t\t\t<div class=\"elementor-container elementor-column-gap-default\">\n\t\t\t\t\t<div class=\"elementor-column elementor-col-100 elementor-top-column elementor-element elementor-element-5d50958e\" data-id=\"5d50958e\" data-element_type=\"column\" data-e-type=\"column\">\n\t\t\t<div class=\"elementor-widget-wrap elementor-element-populated\">\n\t\t\t\t\t\t<div class=\"elementor-element elementor-element-1d25c657 elementor-widget elementor-widget-text-editor\" data-id=\"1d25c657\" data-element_type=\"widget\" data-e-type=\"widget\" data-widget_type=\"text-editor.default\">\n\t\t\t\t<div class=\"elementor-widget-container\">\n\t\t\t\t\t\t\t\t\t<h3 style=\"text-align: center;\"><b>Les sorties du CRPC en mars 2021<\/b><\/h3><p>Trois sorties ont \u00e9t\u00e9 programm\u00e9es avec 10 personnes maximum selon les mesures gouvernementales en vigueur. La troisi\u00e8me a d\u00fb \u00eatre annul\u00e9e.<\/p><h4 class=\"entry-title\" style=\"text-align: center;\">LANDELIES, Le village<\/h4><p>Balade photo propos\u00e9e par JPC<\/p><ul><li>Landelies 2\u00e8me \u00e9dition : d\u00e9couverte d\u2019un noyau villageois traditionnel \u00e0 2 pas de Charleroi<\/li><li>Description : d\u00e9couverte d\u2019un beau village de la Haute Sambre nich\u00e9 dans un grand m\u00e9andre de la rivi\u00e8re avec \u00e9cluse, barrage, \u00e9glise class\u00e9e, Cour du ch\u00e2teau, vieille tour, ruelles, travers\u00e9e de la ligne 130a, pont Picard, carri\u00e8res, halage, \u2026<\/li><\/ul><h3 class=\"entry-title\" style=\"text-align: center;\">LANDELIES, Autrement<\/h3><p><span style=\"color: #333333;\"><b>Un second groupe de dix \ud83d\ude42 \u2026 juste avant le retour \u00e0 quatre \ud83d\ude41<\/b><\/span><\/p><p><span style=\"color: #333333;\">Landelies-Autrement, une seconde visite pour\u00a0compl\u00e9ter la premi\u00e8re r\u00e9serv\u00e9e au noyau villageois.\u00a0Il s\u2019agit cette fois de parcourir la partie qui s\u2019\u00e9tend le long de la Sambre jusqu\u2019\u00e0 la carri\u00e8re Blanc Caillou.<\/span><\/p><p><span style=\"color: #333333;\"><br \/>Nous commen\u00e7ons par le Try des Gaux, vieux quartier sambrien aux maisons typiques pos\u00e9es au pied du versant, loin des inondations de la rivi\u00e8re.<br \/>Ensuite, par une courte et raide grimpette, nous acc\u00e9dons \u00e0 la r\u00e9serve naturelle connue pour son relief calcaire particulier.<\/span><\/p><p><span style=\"color: #333333;\"><br \/>Le Trou Marie Louise (lieu historique) nous offre une baie grande ouverte sur la vall\u00e9e : photo pittoresque assur\u00e9e.<\/span><\/p><p><span style=\"color: #333333;\"><br \/>Du bout de plateau, nous avons une vue plongeante sur les installations des \u00ab Calcaires de la Sambre\u00a0\u00bb, entreprise pr\u00e9sente ici depuis 1821.<br \/>Le retour se fait par un sentier bois\u00e9, toujours dans la r\u00e9serve, dans la partie haute du versant.<\/span><\/p><p><span style=\"color: #333333;\"><br \/>Une apr\u00e8s-midi dans une bonne ambiance pour une belle vari\u00e9t\u00e9 de clich\u00e9s.<br \/>(guide JPC)<\/span><\/p>\t\t\t\t\t\t\t\t<\/div>\n\t\t\t\t<\/div>\n\t\t\t\t\t<\/div>\n\t\t<\/div>\n\t\t\t\t\t<\/div>\n\t\t<\/section>\n\t\t\t\t<\/div>\n\t\t","protected":false},"excerpt":{"rendered":"<p>Les sorties du CRPC en mars 2021 Trois sorties ont \u00e9t\u00e9 programm\u00e9es avec 10 personnes maximum selon les mesures gouvernementales en vigueur. La troisi\u00e8me a d\u00fb \u00eatre annul\u00e9e. LANDELIES, Le village Balade photo propos\u00e9e par JPC Landelies 2\u00e8me \u00e9dition : d\u00e9couverte d\u2019un noyau villageois traditionnel \u00e0 2 pas de Charleroi Description : d\u00e9couverte d\u2019un beau [&hellip;]<\/p>\n","protected":false},"author":1,"featured_media":15476,"comment_status":"closed","ping_status":"open","sticky":false,"template":"elementor_header_footer","format":"standard","meta":{"_et_pb_use_builder":"","_et_pb_old_content":"","_et_gb_content_width":"","_eb_attr":"","footnotes":""},"categories":[31,32],"tags":[],"class_list":["post-3987","post","type-post","status-publish","format-standard","has-post-thumbnail","hentry","category-2020-2029","category-sorties-et-balades","et-has-post-format-content","et_post_format-et-post-format-standard"],"_links":{"self":[{"href":"https:\/\/crpc-asbl.be\/copie-crpc-activites\/wp-json\/wp\/v2\/posts\/3987","targetHints":{"allow":["GET"]}}],"collection":[{"href":"https:\/\/crpc-asbl.be\/copie-crpc-activites\/wp-json\/wp\/v2\/posts"}],"about":[{"href":"https:\/\/crpc-asbl.be\/copie-crpc-activites\/wp-json\/wp\/v2\/types\/post"}],"author":[{"embeddable":true,"href":"https:\/\/crpc-asbl.be\/copie-crpc-activites\/wp-json\/wp\/v2\/users\/1"}],"replies":[{"embeddable":true,"href":"https:\/\/crpc-asbl.be\/copie-crpc-activites\/wp-json\/wp\/v2\/comments?post=3987"}],"version-history":[{"count":0,"href":"https:\/\/crpc-asbl.be\/copie-crpc-activites\/wp-json\/wp\/v2\/posts\/3987\/revisions"}],"wp:featuredmedia":[{"embeddable":true,"href":"https:\/\/crpc-asbl.be\/copie-crpc-activites\/wp-json\/wp\/v2\/media\/15476"}],"wp:attachment":[{"href":"https:\/\/crpc-asbl.be\/copie-crpc-activites\/wp-json\/wp\/v2\/media?parent=3987"}],"wp:term":[{"taxonomy":"category","embeddable":true,"href":"https:\/\/crpc-asbl.be\/copie-crpc-activites\/wp-json\/wp\/v2\/categories?post=3987"},{"taxonomy":"post_tag","embeddable":true,"href":"https:\/\/crpc-asbl.be\/copie-crpc-activites\/wp-json\/wp\/v2\/tags?post=3987"}],"curies":[{"name":"wp","href":"https:\/\/api.w.org\/{rel}","templated":true}]}}