{"id":3958,"date":"2021-03-16T14:55:25","date_gmt":"2021-03-16T13:55:25","guid":{"rendered":"https:\/\/www.crpc.be\/crpc_wp\/?p=3958"},"modified":"2024-03-23T15:58:46","modified_gmt":"2024-03-23T14:58:46","slug":"enfin","status":"publish","type":"post","link":"https:\/\/crpc-asbl.be\/copie-crpc-activites\/2021\/03\/16\/enfin\/","title":{"rendered":"ENFIN ! &#8230;"},"content":{"rendered":"\t\t<div data-elementor-type=\"wp-post\" data-elementor-id=\"3958\" class=\"elementor elementor-3958\">\n\t\t\t\t\t\t<section class=\"elementor-section elementor-top-section elementor-element elementor-element-7a608d66 elementor-section-boxed elementor-section-height-default elementor-section-height-default\" data-id=\"7a608d66\" data-element_type=\"section\" data-e-type=\"section\" data-settings=\"{&quot;background_background&quot;:&quot;classic&quot;}\">\n\t\t\t\t\t\t<div class=\"elementor-container elementor-column-gap-default\">\n\t\t\t\t\t<div class=\"elementor-column elementor-col-100 elementor-top-column elementor-element elementor-element-62c30fe8\" data-id=\"62c30fe8\" data-element_type=\"column\" data-e-type=\"column\">\n\t\t\t<div class=\"elementor-widget-wrap elementor-element-populated\">\n\t\t\t\t\t\t<div class=\"elementor-element elementor-element-2d432092 elementor-widget elementor-widget-text-editor\" data-id=\"2d432092\" data-element_type=\"widget\" data-e-type=\"widget\" data-widget_type=\"text-editor.default\">\n\t\t\t\t<div class=\"elementor-widget-container\">\n\t\t\t\t\t\t\t\t\t<h3 style=\"text-align: center;\"><span style=\"color: #333333;\"><b>Enfin un groupe de 10 photographes !<\/b><\/span><\/h3>\r\n<p style=\"text-align: center;\"><span style=\"color: #333333;\"><b>Landelies-Village<\/b><\/span><\/p>\r\n<span style=\"color: #333333;\">\r\nHeureux de se retrouver en groupe \u00e9largi, 8 membres du CRPC et 2 invit\u00e9es ont particip\u00e9 \u00e0 la d\u00e9couverte de ce noyau villageois traditionnel nich\u00e9 dans un large m\u00e9andre de la Haute Sambre.<\/span>\r\n\r\n<span style=\"color: #333333;\">\r\nLe parcours permet de tirer un portait vari\u00e9 du lieu : \u00e9cluse, barrage, vieille \u00e9glise, cour du ch\u00e2teau, vieille tour, \u00e9coles, vieux cimeti\u00e8re, ancienne maison communale, ruelles, tranch\u00e9e et ponts de la ligne 130a, carri\u00e8res, \u2026<\/span>\r\n\r\n<span style=\"color: #333333;\">\r\nLe retour par le sentier des \u00ab Viy\u00e8s Marones \u00bb et le halage nous donne de belles vues panoramiques et bucoliques d\u2019un beau site de la Haute Sambre&nbsp;\u00e0 2 pas de Charleroi.<\/span>\r\n\r\n<span style=\"color: #333333;\">\r\nAu d\u00e9part du D\u00e9versoir, le dimanche 14 mars 2021 : une chouette apr\u00e8s-midi sans une goutte de pluie malgr\u00e9 des pr\u00e9visions mitig\u00e9es.<\/span>\r\n<p style=\"text-align: right;\"><span style=\"color: #333333;\"> (guide JPC)&nbsp;<\/span><\/p>\t\t\t\t\t\t\t\t<\/div>\n\t\t\t\t<\/div>\n\t\t\t\t\t<\/div>\n\t\t<\/div>\n\t\t\t\t\t<\/div>\n\t\t<\/section>\n\t\t\t\t<\/div>\n\t\t","protected":false},"excerpt":{"rendered":"<p>Enfin un groupe de 10 photographes ! Landelies-Village Heureux de se retrouver en groupe \u00e9largi, 8 membres du CRPC et 2 invit\u00e9es ont particip\u00e9 \u00e0 la d\u00e9couverte de ce noyau villageois traditionnel nich\u00e9 dans un large m\u00e9andre de la Haute Sambre. Le parcours permet de tirer un portait vari\u00e9 du lieu : \u00e9cluse, barrage, vieille [&hellip;]<\/p>\n","protected":false},"author":1,"featured_media":15475,"comment_status":"closed","ping_status":"open","sticky":false,"template":"elementor_header_footer","format":"standard","meta":{"_et_pb_use_builder":"","_et_pb_old_content":"","_et_gb_content_width":"","_eb_attr":"","footnotes":""},"categories":[31,32],"tags":[],"class_list":["post-3958","post","type-post","status-publish","format-standard","has-post-thumbnail","hentry","category-2020-2029","category-sorties-et-balades","et-has-post-format-content","et_post_format-et-post-format-standard"],"_links":{"self":[{"href":"https:\/\/crpc-asbl.be\/copie-crpc-activites\/wp-json\/wp\/v2\/posts\/3958","targetHints":{"allow":["GET"]}}],"collection":[{"href":"https:\/\/crpc-asbl.be\/copie-crpc-activites\/wp-json\/wp\/v2\/posts"}],"about":[{"href":"https:\/\/crpc-asbl.be\/copie-crpc-activites\/wp-json\/wp\/v2\/types\/post"}],"author":[{"embeddable":true,"href":"https:\/\/crpc-asbl.be\/copie-crpc-activites\/wp-json\/wp\/v2\/users\/1"}],"replies":[{"embeddable":true,"href":"https:\/\/crpc-asbl.be\/copie-crpc-activites\/wp-json\/wp\/v2\/comments?post=3958"}],"version-history":[{"count":0,"href":"https:\/\/crpc-asbl.be\/copie-crpc-activites\/wp-json\/wp\/v2\/posts\/3958\/revisions"}],"wp:featuredmedia":[{"embeddable":true,"href":"https:\/\/crpc-asbl.be\/copie-crpc-activites\/wp-json\/wp\/v2\/media\/15475"}],"wp:attachment":[{"href":"https:\/\/crpc-asbl.be\/copie-crpc-activites\/wp-json\/wp\/v2\/media?parent=3958"}],"wp:term":[{"taxonomy":"category","embeddable":true,"href":"https:\/\/crpc-asbl.be\/copie-crpc-activites\/wp-json\/wp\/v2\/categories?post=3958"},{"taxonomy":"post_tag","embeddable":true,"href":"https:\/\/crpc-asbl.be\/copie-crpc-activites\/wp-json\/wp\/v2\/tags?post=3958"}],"curies":[{"name":"wp","href":"https:\/\/api.w.org\/{rel}","templated":true}]}}