{"id":3599,"date":"2020-11-23T12:00:10","date_gmt":"2020-11-23T11:00:10","guid":{"rendered":"https:\/\/www.crpc.be\/crpc_wp\/?p=3599"},"modified":"2024-03-23T15:53:48","modified_gmt":"2024-03-23T14:53:48","slug":"exposition-2020-en-mode-virtuel-3d","status":"publish","type":"post","link":"https:\/\/crpc-asbl.be\/copie-crpc-activites\/2020\/11\/23\/exposition-2020-en-mode-virtuel-3d\/","title":{"rendered":"Exposition 2020 en mode virtuel 3D"},"content":{"rendered":"\t\t<div data-elementor-type=\"wp-post\" data-elementor-id=\"3599\" class=\"elementor elementor-3599\">\n\t\t\t\t\t\t<section class=\"elementor-section elementor-top-section elementor-element elementor-element-b384f96 elementor-section-boxed elementor-section-height-default elementor-section-height-default\" data-id=\"b384f96\" data-element_type=\"section\" data-e-type=\"section\" data-settings=\"{&quot;background_background&quot;:&quot;classic&quot;}\">\n\t\t\t\t\t\t<div class=\"elementor-container elementor-column-gap-default\">\n\t\t\t\t\t<div class=\"elementor-column elementor-col-100 elementor-top-column elementor-element elementor-element-1ed00e66\" data-id=\"1ed00e66\" data-element_type=\"column\" data-e-type=\"column\">\n\t\t\t<div class=\"elementor-widget-wrap elementor-element-populated\">\n\t\t\t\t\t\t<div class=\"elementor-element elementor-element-2757a9c1 elementor-widget elementor-widget-text-editor\" data-id=\"2757a9c1\" data-element_type=\"widget\" data-e-type=\"widget\" data-widget_type=\"text-editor.default\">\n\t\t\t\t<div class=\"elementor-widget-container\">\n\t\t\t\t\t\t\t\t\t<pre style=\"text-align: left;\"><span style=\"font-size: 14pt; font-family: georgia, palatino, serif; color: #333300;\">Nous connaissons toutes et tous\u00a0la situation sanitaire instaur\u00e9e pour combattre le coronavirus.\nNos deux expositions et plusieurs\u00a0activit\u00e9s ont \u00e9t\u00e9 report\u00e9es en 2021 ... si tout va bien !\n\nEn fonction des circonstances, nos r\u00e9unions se sont d\u00e9roul\u00e9es en petites assembl\u00e9es masqu\u00e9es ou en visioconf\u00e9rences.\nLe CRPC a continu\u00e9 d\u2019organiser des sorties en fonction du nombre de personnes autoris\u00e9es.\n\nNous ne voulions pas en rester l\u00e0 et laisser passer 2020 sans un\u00a0\u00ab point d\u2019orgue\u00a0\u00bb photographique.\nVoici donc l'exposition annuelle 2020 du Cercle Royal Photographique de Charleroi asbl, en mode virtuel 3D\n\nUn grand merci aux membres\u00a0photographes qui ont bien voulu\u00a0s\u2019investir dans cette premi\u00e8re r\u00e9alisation \u00e9lectronique.\nBonne visite !<\/span><\/pre><p style=\"text-align: right;\"><span style=\"font-size: 14pt; font-family: georgia, palatino, serif; color: #333300;\">Le CA du Cercle Royal Photographique de Charleroi<\/span><\/p><p style=\"text-align: center;\">Visible du 05\/12\/2020 jusqu\u2019au 28\/02\/2021.<\/p><p style=\"text-align: center;\"><img decoding=\"async\" class=\"alignnone wp-image-3961 size-thumbnail\" src=\"https:\/\/www.crpc.be\/crpc_wp\/wp-content\/uploads\/2020\/11\/Capture-decran-2021-03-20-a-15.17.39-150x150.png\" alt=\"\" width=\"150\" height=\"150\" \/><\/p><p style=\"text-align: center;\"><span style=\"font-size: 14pt; color: #0000ff;\"><strong>Merci d&rsquo;avoir visit\u00e9 notre exposition et merci pour vos encouragements.<\/strong><\/span><\/p>\t\t\t\t\t\t\t\t<\/div>\n\t\t\t\t<\/div>\n\t\t\t\t\t<\/div>\n\t\t<\/div>\n\t\t\t\t\t<\/div>\n\t\t<\/section>\n\t\t\t\t<\/div>\n\t\t","protected":false},"excerpt":{"rendered":"<p>Nous connaissons toutes et tous\u00a0la situation sanitaire instaur\u00e9e pour combattre le coronavirus. Nos deux expositions et plusieurs\u00a0activit\u00e9s ont \u00e9t\u00e9 report\u00e9es en 2021 &#8230; si tout va bien ! En fonction des circonstances, nos r\u00e9unions se sont d\u00e9roul\u00e9es en petites assembl\u00e9es masqu\u00e9es ou en visioconf\u00e9rences. Le CRPC a continu\u00e9 d\u2019organiser des sorties en fonction du nombre [&hellip;]<\/p>\n","protected":false},"author":1,"featured_media":15472,"comment_status":"closed","ping_status":"open","sticky":false,"template":"elementor_header_footer","format":"standard","meta":{"_et_pb_use_builder":"","_et_pb_old_content":"","_et_gb_content_width":"","_eb_attr":"","footnotes":""},"categories":[31,33],"tags":[],"class_list":["post-3599","post","type-post","status-publish","format-standard","has-post-thumbnail","hentry","category-2020-2029","category-exposition","et-has-post-format-content","et_post_format-et-post-format-standard"],"_links":{"self":[{"href":"https:\/\/crpc-asbl.be\/copie-crpc-activites\/wp-json\/wp\/v2\/posts\/3599","targetHints":{"allow":["GET"]}}],"collection":[{"href":"https:\/\/crpc-asbl.be\/copie-crpc-activites\/wp-json\/wp\/v2\/posts"}],"about":[{"href":"https:\/\/crpc-asbl.be\/copie-crpc-activites\/wp-json\/wp\/v2\/types\/post"}],"author":[{"embeddable":true,"href":"https:\/\/crpc-asbl.be\/copie-crpc-activites\/wp-json\/wp\/v2\/users\/1"}],"replies":[{"embeddable":true,"href":"https:\/\/crpc-asbl.be\/copie-crpc-activites\/wp-json\/wp\/v2\/comments?post=3599"}],"version-history":[{"count":0,"href":"https:\/\/crpc-asbl.be\/copie-crpc-activites\/wp-json\/wp\/v2\/posts\/3599\/revisions"}],"wp:featuredmedia":[{"embeddable":true,"href":"https:\/\/crpc-asbl.be\/copie-crpc-activites\/wp-json\/wp\/v2\/media\/15472"}],"wp:attachment":[{"href":"https:\/\/crpc-asbl.be\/copie-crpc-activites\/wp-json\/wp\/v2\/media?parent=3599"}],"wp:term":[{"taxonomy":"category","embeddable":true,"href":"https:\/\/crpc-asbl.be\/copie-crpc-activites\/wp-json\/wp\/v2\/categories?post=3599"},{"taxonomy":"post_tag","embeddable":true,"href":"https:\/\/crpc-asbl.be\/copie-crpc-activites\/wp-json\/wp\/v2\/tags?post=3599"}],"curies":[{"name":"wp","href":"https:\/\/api.w.org\/{rel}","templated":true}]}}