{"id":3584,"date":"2020-11-08T14:49:53","date_gmt":"2020-11-08T13:49:53","guid":{"rendered":"https:\/\/www.crpc.be\/crpc_wp\/?p=3584"},"modified":"2024-03-23T15:51:20","modified_gmt":"2024-03-23T14:51:20","slug":"balade-de-lapres-midi-du-07-11-2020","status":"publish","type":"post","link":"https:\/\/crpc-asbl.be\/copie-crpc-activites\/2020\/11\/08\/balade-de-lapres-midi-du-07-11-2020\/","title":{"rendered":"Balade de l&rsquo;apr\u00e8s-midi du 07\/11\/2020"},"content":{"rendered":"\t\t<div data-elementor-type=\"wp-post\" data-elementor-id=\"3584\" class=\"elementor elementor-3584\">\n\t\t\t\t<div class=\"elementor-element elementor-element-2774a708 e-flex e-con-boxed e-con e-parent\" data-id=\"2774a708\" data-element_type=\"container\" data-e-type=\"container\">\n\t\t\t\t\t<div class=\"e-con-inner\">\n\t\t\t\t<div class=\"elementor-element elementor-element-f7e61e0 elementor-widget elementor-widget-heading\" data-id=\"f7e61e0\" data-element_type=\"widget\" data-e-type=\"widget\" data-widget_type=\"heading.default\">\n\t\t\t\t<div class=\"elementor-widget-container\">\n\t\t\t\t\t<h2 class=\"elementor-heading-title elementor-size-default\">Balade de l\u2019apr\u00e8s-midi du 07\/11\/2020<\/h2>\t\t\t\t<\/div>\n\t\t\t\t<\/div>\n\t\t\t\t<div class=\"elementor-element elementor-element-1d2dcb9f elementor-widget elementor-widget-text-editor\" data-id=\"1d2dcb9f\" data-element_type=\"widget\" data-e-type=\"widget\" data-widget_type=\"text-editor.default\">\n\t\t\t\t<div class=\"elementor-widget-container\">\n\t\t\t\t\t\t\t\t\t<p style=\"text-align: center;\"><img fetchpriority=\"high\" fetchpriority=\"high\" decoding=\"async\" class=\"size-medium wp-image-13325 alignleft\" src=\"https:\/\/crpc-asbl.be\/activites\/wp-content\/uploads\/2024\/03\/20201107-02-Jean-Pierre-Dagonneau-sur-la-Boucle-Peps-690x518-1-300x225.jpg\" alt=\"\" width=\"300\" height=\"225\" srcset=\"https:\/\/crpc-asbl.be\/copie-crpc-activites\/wp-content\/uploads\/2024\/03\/20201107-02-Jean-Pierre-Dagonneau-sur-la-Boucle-Peps-690x518-1-300x225.jpg 300w, https:\/\/crpc-asbl.be\/copie-crpc-activites\/wp-content\/uploads\/2024\/03\/20201107-02-Jean-Pierre-Dagonneau-sur-la-Boucle-Peps-690x518-1.jpg 690w\" sizes=\"(max-width: 300px) 100vw, 300px\" \/>C&rsquo;est \u00e0 Mont-Sur-Marchienne que quelques membre se sont r\u00e9unis pour parcourir<\/p><p style=\"text-align: center;\">la premi\u00e8re partie d&rsquo;une balade que nous appellerons \u00ab\u00a0La Boucle Peps\u00a0\u00bb !<\/p>\t\t\t\t\t\t\t\t<\/div>\n\t\t\t\t<\/div>\n\t\t\t\t\t<\/div>\n\t\t\t\t<\/div>\n\t\t\t\t<\/div>\n\t\t","protected":false},"excerpt":{"rendered":"<p>Balade de l\u2019apr\u00e8s-midi du 07\/11\/2020 C&rsquo;est \u00e0 Mont-Sur-Marchienne que quelques membre se sont r\u00e9unis pour parcourir la premi\u00e8re partie d&rsquo;une balade que nous appellerons \u00ab\u00a0La Boucle Peps\u00a0\u00bb !<\/p>\n","protected":false},"author":1,"featured_media":15470,"comment_status":"closed","ping_status":"open","sticky":false,"template":"elementor_header_footer","format":"standard","meta":{"_et_pb_use_builder":"","_et_pb_old_content":"","_et_gb_content_width":"","_eb_attr":"","footnotes":""},"categories":[31,32],"tags":[],"class_list":["post-3584","post","type-post","status-publish","format-standard","has-post-thumbnail","hentry","category-2020-2029","category-sorties-et-balades","et-has-post-format-content","et_post_format-et-post-format-standard"],"_links":{"self":[{"href":"https:\/\/crpc-asbl.be\/copie-crpc-activites\/wp-json\/wp\/v2\/posts\/3584","targetHints":{"allow":["GET"]}}],"collection":[{"href":"https:\/\/crpc-asbl.be\/copie-crpc-activites\/wp-json\/wp\/v2\/posts"}],"about":[{"href":"https:\/\/crpc-asbl.be\/copie-crpc-activites\/wp-json\/wp\/v2\/types\/post"}],"author":[{"embeddable":true,"href":"https:\/\/crpc-asbl.be\/copie-crpc-activites\/wp-json\/wp\/v2\/users\/1"}],"replies":[{"embeddable":true,"href":"https:\/\/crpc-asbl.be\/copie-crpc-activites\/wp-json\/wp\/v2\/comments?post=3584"}],"version-history":[{"count":0,"href":"https:\/\/crpc-asbl.be\/copie-crpc-activites\/wp-json\/wp\/v2\/posts\/3584\/revisions"}],"wp:featuredmedia":[{"embeddable":true,"href":"https:\/\/crpc-asbl.be\/copie-crpc-activites\/wp-json\/wp\/v2\/media\/15470"}],"wp:attachment":[{"href":"https:\/\/crpc-asbl.be\/copie-crpc-activites\/wp-json\/wp\/v2\/media?parent=3584"}],"wp:term":[{"taxonomy":"category","embeddable":true,"href":"https:\/\/crpc-asbl.be\/copie-crpc-activites\/wp-json\/wp\/v2\/categories?post=3584"},{"taxonomy":"post_tag","embeddable":true,"href":"https:\/\/crpc-asbl.be\/copie-crpc-activites\/wp-json\/wp\/v2\/tags?post=3584"}],"curies":[{"name":"wp","href":"https:\/\/api.w.org\/{rel}","templated":true}]}}