{"id":21363,"date":"2025-05-16T21:59:58","date_gmt":"2025-05-16T19:59:58","guid":{"rendered":"https:\/\/crpc-asbl.be\/copie-crpc-activites\/\/?p=21363"},"modified":"2025-05-19T07:28:26","modified_gmt":"2025-05-19T05:28:26","slug":"exposition-benoit-de-clerck","status":"publish","type":"post","link":"https:\/\/crpc-asbl.be\/copie-crpc-activites\/2025\/05\/16\/exposition-benoit-de-clerck\/","title":{"rendered":"Exposition Benoit De Clerck"},"content":{"rendered":"\t\t<div data-elementor-type=\"wp-post\" data-elementor-id=\"21363\" class=\"elementor elementor-21363\">\n\t\t\t\t<div class=\"elementor-element elementor-element-474c05cd e-flex e-con-boxed e-con e-parent\" data-id=\"474c05cd\" data-element_type=\"container\" data-e-type=\"container\">\n\t\t\t\t\t<div class=\"e-con-inner\">\n\t\t\t\t<div class=\"elementor-element elementor-element-6867c76 elementor-widget elementor-widget-text-editor\" data-id=\"6867c76\" data-element_type=\"widget\" data-e-type=\"widget\" data-widget_type=\"text-editor.default\">\n\t\t\t\t<div class=\"elementor-widget-container\">\n\t\t\t\t\t\t\t\t\t\t\t\t\t\t\t\t\t<\/div>\n\t\t\t\t<\/div>\n\t\t\t\t\t<\/div>\n\t\t\t\t<\/div>\n\t\t<div class=\"elementor-element elementor-element-f279954 e-flex e-con-boxed e-con e-parent\" data-id=\"f279954\" data-element_type=\"container\" data-e-type=\"container\">\n\t\t\t\t\t<div class=\"e-con-inner\">\n\t\t\t\t<div class=\"elementor-element elementor-element-d593bcc elementor-widget elementor-widget-heading\" data-id=\"d593bcc\" data-element_type=\"widget\" data-e-type=\"widget\" data-widget_type=\"heading.default\">\n\t\t\t\t<div class=\"elementor-widget-container\">\n\t\t\t\t\t<h2 class=\"elementor-heading-title elementor-size-default\">Exposition Benoit De Clerck<\/h2>\t\t\t\t<\/div>\n\t\t\t\t<\/div>\n\t\t\t\t<div class=\"elementor-element elementor-element-f92da4f elementor-widget elementor-widget-text-editor\" data-id=\"f92da4f\" data-element_type=\"widget\" data-e-type=\"widget\" data-widget_type=\"text-editor.default\">\n\t\t\t\t<div class=\"elementor-widget-container\">\n\t\t\t\t\t\t\t\t\t<p>A l\u2019occasion de ses 50 ans de vol, <a href=\"https:\/\/crpc-asbl.be\/activites\/vers-le-bicentenaire\/les-membres-du-crpc-asbl\/benoit-de-clerck\/\" target=\"_blank\" rel=\"noopener\">notre membre Benoit De Clerck<\/a>, ulmiste de longue date, organise une exposition dans les locaux du restaurant \u00ab <a href=\"https:\/\/www.facebook.com\/p\/Brasserie-Le-Fouga-A\u00e9rodrome-Buzet-100093399289509\/\" target=\"_blank\" rel=\"noopener\">Le Fouga<\/a> \u00bb \u00e0 Pont \u00e0 Celles.<\/p>\n<p>Une petite vingtaine de photographies de paysages a\u00e9riens en noir et blanc et de diff\u00e9rents formats y seront expos\u00e9es. Cette exposition sera visible \u00a0aux heures d\u2019ouverture du restaurant \u00e0 partir du 20 mai 2025 jusqu&rsquo;au 13 juin 2025 et peut-\u00eatre au-del\u00e0 &#8230;<\/p>\t\t\t\t\t\t\t\t<\/div>\n\t\t\t\t<\/div>\n\t\t\t\t<div class=\"elementor-element elementor-element-4600cc3 elementor-widget elementor-widget-text-editor\" data-id=\"4600cc3\" data-element_type=\"widget\" data-e-type=\"widget\" data-widget_type=\"text-editor.default\">\n\t\t\t\t<div class=\"elementor-widget-container\">\n\t\t\t\t\t\t\t\t\t<p>( Le Fouga est ouvert tous les jours de 11h00 \u00e0 22h00 \ud83d\ude81 Ferm\u00e9 le lundi. )<\/p>\t\t\t\t\t\t\t\t<\/div>\n\t\t\t\t<\/div>\n\t\t\t\t<div class=\"elementor-element elementor-element-5219dcc elementor-widget elementor-widget-text-editor\" data-id=\"5219dcc\" data-element_type=\"widget\" data-e-type=\"widget\" data-widget_type=\"text-editor.default\">\n\t\t\t\t<div class=\"elementor-widget-container\">\n\t\t\t\t\t\t\t\t\t<p><span style=\"text-decoration: underline;\">Un vernissage est pr\u00e9vu le vendredi 13 juin \u00e0 partir de 18H00<\/span><\/p>\n<p>Adresse : Ulmodrome \u00ab\u00a0Confluence\u00a0\u00bb<span class=\"Apple-converted-space\"> <br \/><\/span><span style=\"text-decoration: underline;\"><a href=\"https:\/\/maps.app.goo.gl\/kiqRE3pFHh4PaMwk8\" target=\"_blank\" rel=\"noopener\">629 Chauss\u00e9e de Nivelles<span class=\"Apple-converted-space\">\u00a0<\/span>6230 Pont-\u00e0-Celles<\/a><\/span><\/p>\t\t\t\t\t\t\t\t<\/div>\n\t\t\t\t<\/div>\n\t\t\t\t<div class=\"elementor-element elementor-element-81fd6de elementor-align-center elementor-widget elementor-widget-button\" data-id=\"81fd6de\" data-element_type=\"widget\" data-e-type=\"widget\" data-widget_type=\"button.default\">\n\t\t\t\t<div class=\"elementor-widget-container\">\n\t\t\t\t\t\t\t\t\t<div class=\"elementor-button-wrapper\">\n\t\t\t\t\t<a class=\"elementor-button elementor-button-link elementor-size-sm elementor-animation-grow\" href=\"mailto:benoitdeclerck2@gmail.com\">\n\t\t\t\t\t\t<span class=\"elementor-button-content-wrapper\">\n\t\t\t\t\t\t<span class=\"elementor-button-icon\">\n\t\t\t\t<svg aria-hidden=\"true\" class=\"e-font-icon-svg e-fas-hand-point-right\" viewBox=\"0 0 512 512\" xmlns=\"http:\/\/www.w3.org\/2000\/svg\"><path d=\"M512 199.652c0 23.625-20.65 43.826-44.8 43.826h-99.851c16.34 17.048 18.346 49.766-6.299 70.944 14.288 22.829 2.147 53.017-16.45 62.315C353.574 425.878 322.654 448 272 448c-2.746 0-13.276-.203-16-.195-61.971.168-76.894-31.065-123.731-38.315C120.596 407.683 112 397.599 112 385.786V214.261l.002-.001c.011-18.366 10.607-35.889 28.464-43.845 28.886-12.994 95.413-49.038 107.534-77.323 7.797-18.194 21.384-29.084 40-29.092 34.222-.014 57.752 35.098 44.119 66.908-3.583 8.359-8.312 16.67-14.153 24.918H467.2c23.45 0 44.8 20.543 44.8 43.826zM96 200v192c0 13.255-10.745 24-24 24H24c-13.255 0-24-10.745-24-24V200c0-13.255 10.745-24 24-24h48c13.255 0 24 10.745 24 24zM68 368c0-11.046-8.954-20-20-20s-20 8.954-20 20 8.954 20 20 20 20-8.954 20-20z\"><\/path><\/svg>\t\t\t<\/span>\n\t\t\t\t\t\t\t\t\t<span class=\"elementor-button-text\">Pour le vernissage merci de nous informer de votre pr\u00e9sence. <\/span>\n\t\t\t\t\t<\/span>\n\t\t\t\t\t<\/a>\n\t\t\t\t<\/div>\n\t\t\t\t\t\t\t\t<\/div>\n\t\t\t\t<\/div>\n\t\t\t\t\t<\/div>\n\t\t\t\t<\/div>\n\t\t<div class=\"elementor-element elementor-element-58aa6cb e-flex e-con-boxed e-con e-parent\" data-id=\"58aa6cb\" data-element_type=\"container\" data-e-type=\"container\">\n\t\t\t\t\t<div class=\"e-con-inner\">\n\t\t\t\t<div class=\"elementor-element elementor-element-b223138 elementor-widget elementor-widget-gallery\" data-id=\"b223138\" data-element_type=\"widget\" data-e-type=\"widget\" data-widget_type=\"gallery.default\">\n\t\t\t\t<div class=\"elementor-widget-container\">\n\t\t\t\t\t \t\t\t\t<\/div>\n\t\t\t\t<\/div>\n\t\t\t\t<div class=\"elementor-element elementor-element-eca8553 elementor-invisible elementor-widget elementor-widget-text-editor\" data-id=\"eca8553\" data-element_type=\"widget\" data-e-type=\"widget\" data-settings=\"{&quot;_animation&quot;:&quot;fadeInLeft&quot;}\" data-widget_type=\"text-editor.default\">\n\t\t\t\t<div class=\"elementor-widget-container\">\n\t\t\t\t\t\t\t\t\t<p>A tr\u00e8s bient\u00f4t !<\/p>\t\t\t\t\t\t\t\t<\/div>\n\t\t\t\t<\/div>\n\t\t\t\t\t<\/div>\n\t\t\t\t<\/div>\n\t\t\t\t<\/div>\n\t\t","protected":false},"excerpt":{"rendered":"<p>Exposition Benoit De Clerck A l\u2019occasion de ses 50 ans de vol, notre membre Benoit De Clerck, ulmiste de longue date, organise une exposition dans les locaux du restaurant \u00ab Le Fouga \u00bb \u00e0 Pont \u00e0 Celles. Une petite vingtaine de photographies de paysages a\u00e9riens en noir et blanc et de diff\u00e9rents formats y seront [&hellip;]<\/p>\n","protected":false},"author":1,"featured_media":21366,"comment_status":"open","ping_status":"open","sticky":false,"template":"","format":"standard","meta":{"_et_pb_use_builder":"on","_et_pb_old_content":"","_et_gb_content_width":"","_eb_attr":"","footnotes":""},"categories":[36],"tags":[],"class_list":["post-21363","post","type-post","status-publish","format-standard","has-post-thumbnail","hentry","category-info","et-has-post-format-content","et_post_format-et-post-format-standard"],"_links":{"self":[{"href":"https:\/\/crpc-asbl.be\/copie-crpc-activites\/wp-json\/wp\/v2\/posts\/21363","targetHints":{"allow":["GET"]}}],"collection":[{"href":"https:\/\/crpc-asbl.be\/copie-crpc-activites\/wp-json\/wp\/v2\/posts"}],"about":[{"href":"https:\/\/crpc-asbl.be\/copie-crpc-activites\/wp-json\/wp\/v2\/types\/post"}],"author":[{"embeddable":true,"href":"https:\/\/crpc-asbl.be\/copie-crpc-activites\/wp-json\/wp\/v2\/users\/1"}],"replies":[{"embeddable":true,"href":"https:\/\/crpc-asbl.be\/copie-crpc-activites\/wp-json\/wp\/v2\/comments?post=21363"}],"version-history":[{"count":1,"href":"https:\/\/crpc-asbl.be\/copie-crpc-activites\/wp-json\/wp\/v2\/posts\/21363\/revisions"}],"predecessor-version":[{"id":21440,"href":"https:\/\/crpc-asbl.be\/copie-crpc-activites\/wp-json\/wp\/v2\/posts\/21363\/revisions\/21440"}],"wp:featuredmedia":[{"embeddable":true,"href":"https:\/\/crpc-asbl.be\/copie-crpc-activites\/wp-json\/wp\/v2\/media\/21366"}],"wp:attachment":[{"href":"https:\/\/crpc-asbl.be\/copie-crpc-activites\/wp-json\/wp\/v2\/media?parent=21363"}],"wp:term":[{"taxonomy":"category","embeddable":true,"href":"https:\/\/crpc-asbl.be\/copie-crpc-activites\/wp-json\/wp\/v2\/categories?post=21363"},{"taxonomy":"post_tag","embeddable":true,"href":"https:\/\/crpc-asbl.be\/copie-crpc-activites\/wp-json\/wp\/v2\/tags?post=21363"}],"curies":[{"name":"wp","href":"https:\/\/api.w.org\/{rel}","templated":true}]}}