{"id":18902,"date":"2024-10-25T09:19:10","date_gmt":"2024-10-25T07:19:10","guid":{"rendered":"https:\/\/crpc-asbl.be\/copie-crpc-activites\/\/?p=18902"},"modified":"2024-10-25T10:02:39","modified_gmt":"2024-10-25T08:02:39","slug":"lucien-lombet","status":"publish","type":"post","link":"https:\/\/crpc-asbl.be\/copie-crpc-activites\/2024\/10\/25\/lucien-lombet\/","title":{"rendered":"Lucien LOMBET"},"content":{"rendered":"\t\t<div data-elementor-type=\"wp-post\" data-elementor-id=\"18902\" class=\"elementor elementor-18902\">\n\t\t\t\t<div class=\"elementor-element elementor-element-72f281ee e-flex e-con-boxed e-con e-parent\" data-id=\"72f281ee\" data-element_type=\"container\" data-e-type=\"container\">\n\t\t\t\t\t<div class=\"e-con-inner\">\n\t\t\t\t<div class=\"elementor-element elementor-element-5e94b259 elementor-widget elementor-widget-text-editor\" data-id=\"5e94b259\" data-element_type=\"widget\" data-e-type=\"widget\" data-widget_type=\"text-editor.default\">\n\t\t\t\t<div class=\"elementor-widget-container\">\n\t\t\t\t\t\t\t\t\t\t\t\t\t\t\t\t\t<\/div>\n\t\t\t\t<\/div>\n\t\t\t\t\t<\/div>\n\t\t\t\t<\/div>\n\t\t<div class=\"elementor-element elementor-element-b40111f e-flex e-con-boxed e-con e-parent\" data-id=\"b40111f\" data-element_type=\"container\" data-e-type=\"container\">\n\t\t\t\t\t<div class=\"e-con-inner\">\n\t\t<div class=\"elementor-element elementor-element-9f393ac e-con-full e-flex e-con e-child\" data-id=\"9f393ac\" data-element_type=\"container\" data-e-type=\"container\">\n\t\t\t\t<div class=\"elementor-element elementor-element-5349e87 elementor-widget elementor-widget-heading\" data-id=\"5349e87\" data-element_type=\"widget\" data-e-type=\"widget\" data-widget_type=\"heading.default\">\n\t\t\t\t<div class=\"elementor-widget-container\">\n\t\t\t\t\t<h2 class=\"elementor-heading-title elementor-size-default\">Lucien LOMBET<\/h2>\t\t\t\t<\/div>\n\t\t\t\t<\/div>\n\t\t\t\t<div class=\"elementor-element elementor-element-c89892a elementor-widget elementor-widget-image\" data-id=\"c89892a\" data-element_type=\"widget\" data-e-type=\"widget\" data-widget_type=\"image.default\">\n\t\t\t\t<div class=\"elementor-widget-container\">\n\t\t\t\t\t\t\t\t\t\t\t\t\t\t\t\t<a href=\"https:\/\/crpc-asbl.be\/activites\/wp-content\/uploads\/2024\/10\/CRPC_Lucien-LOMBET.jpg\" data-elementor-open-lightbox=\"yes\" data-elementor-lightbox-title=\"CRPC_Lucien-LOMBET\" data-e-action-hash=\"#elementor-action%3Aaction%3Dlightbox%26settings%3DeyJpZCI6MTg5MDksInVybCI6Imh0dHBzOlwvXC9jcnBjLWFzYmwuYmVcL2NvcGllLWNycGMtYWN0aXZpdGVzXC93cC1jb250ZW50XC91cGxvYWRzXC8yMDI0XC8xMFwvQ1JQQ19MdWNpZW4tTE9NQkVULmpwZyJ9\">\n\t\t\t\t\t\t\t<img fetchpriority=\"high\" fetchpriority=\"high\" decoding=\"async\" width=\"200\" height=\"300\" src=\"https:\/\/crpc-asbl.be\/copie-crpc-activites\/wp-content\/uploads\/2024\/10\/CRPC_Lucien-LOMBET-200x300.jpg\" class=\"attachment-medium size-medium wp-image-18909\" alt=\"\" srcset=\"https:\/\/crpc-asbl.be\/copie-crpc-activites\/wp-content\/uploads\/2024\/10\/CRPC_Lucien-LOMBET-200x300.jpg 200w, https:\/\/crpc-asbl.be\/copie-crpc-activites\/wp-content\/uploads\/2024\/10\/CRPC_Lucien-LOMBET-683x1024.jpg 683w, https:\/\/crpc-asbl.be\/copie-crpc-activites\/wp-content\/uploads\/2024\/10\/CRPC_Lucien-LOMBET-768x1152.jpg 768w, https:\/\/crpc-asbl.be\/copie-crpc-activites\/wp-content\/uploads\/2024\/10\/CRPC_Lucien-LOMBET.jpg 1024w\" sizes=\"(max-width: 200px) 100vw, 200px\" \/>\t\t\t\t\t\t\t\t<\/a>\n\t\t\t\t\t\t\t\t\t\t\t\t\t\t\t<\/div>\n\t\t\t\t<\/div>\n\t\t\t\t<\/div>\n\t\t<div class=\"elementor-element elementor-element-723fd63 e-con-full e-flex e-con e-child\" data-id=\"723fd63\" data-element_type=\"container\" data-e-type=\"container\">\n\t\t\t\t<div class=\"elementor-element elementor-element-0aa35cc elementor-widget elementor-widget-text-editor\" data-id=\"0aa35cc\" data-element_type=\"widget\" data-e-type=\"widget\" data-widget_type=\"text-editor.default\">\n\t\t\t\t<div class=\"elementor-widget-container\">\n\t\t\t\t\t\t\t\t\t<p>N\u00e9 le 05\/06\/1944 \u00e0 Jumet.<br \/>Souffrant d&rsquo;un cancer, il est d\u00e9c\u00e9d\u00e9 ce jeudi 24\/10\/2024.<\/p>\n<p>Artiste et photographe, c&rsquo;\u00e9tait un ancien membre \u00a0du Cercle.<br \/>Il y \u00e9tait entr\u00e9 le 12\/09\/2007.<\/p>\n<p>Il a particip\u00e9 activement \u00e0 la vie de l&rsquo;association en y apportant tout son savoir faire.<br \/>Il \u00e9tait de bon conseil.<\/p>\t\t\t\t\t\t\t\t<\/div>\n\t\t\t\t<\/div>\n\t\t\t\t<\/div>\n\t\t<div class=\"elementor-element elementor-element-fb215cb e-con-full e-flex e-con e-child\" data-id=\"fb215cb\" data-element_type=\"container\" data-e-type=\"container\">\n\t\t\t\t<div class=\"elementor-element elementor-element-74928d4 elementor-widget elementor-widget-image\" data-id=\"74928d4\" data-element_type=\"widget\" data-e-type=\"widget\" data-widget_type=\"image.default\">\n\t\t\t\t<div class=\"elementor-widget-container\">\n\t\t\t\t\t\t\t\t\t\t\t\t\t\t\t\t<a href=\"https:\/\/www.funerariumfontaine.be\/defunt\/22034-lombet-lucien-alexandre\/\" target=\"_blank\">\n\t\t\t\t\t\t\t<img decoding=\"async\" width=\"813\" height=\"1024\" src=\"https:\/\/crpc-asbl.be\/copie-crpc-activites\/wp-content\/uploads\/2024\/10\/LOMBET-LUCIEN-AVIS-DECES-813x1024.png\" class=\"attachment-large size-large wp-image-18905\" alt=\"\" srcset=\"https:\/\/crpc-asbl.be\/copie-crpc-activites\/wp-content\/uploads\/2024\/10\/LOMBET-LUCIEN-AVIS-DECES-813x1024.png 813w, https:\/\/crpc-asbl.be\/copie-crpc-activites\/wp-content\/uploads\/2024\/10\/LOMBET-LUCIEN-AVIS-DECES-238x300.png 238w, https:\/\/crpc-asbl.be\/copie-crpc-activites\/wp-content\/uploads\/2024\/10\/LOMBET-LUCIEN-AVIS-DECES-768x967.png 768w, https:\/\/crpc-asbl.be\/copie-crpc-activites\/wp-content\/uploads\/2024\/10\/LOMBET-LUCIEN-AVIS-DECES-1219x1536.png 1219w, https:\/\/crpc-asbl.be\/copie-crpc-activites\/wp-content\/uploads\/2024\/10\/LOMBET-LUCIEN-AVIS-DECES-1080x1360.png 1080w, https:\/\/crpc-asbl.be\/copie-crpc-activites\/wp-content\/uploads\/2024\/10\/LOMBET-LUCIEN-AVIS-DECES.png 1256w\" sizes=\"(max-width: 813px) 100vw, 813px\" \/>\t\t\t\t\t\t\t\t<\/a>\n\t\t\t\t\t\t\t\t\t\t\t\t\t\t\t<\/div>\n\t\t\t\t<\/div>\n\t\t\t\t<\/div>\n\t\t\t\t\t<\/div>\n\t\t\t\t<\/div>\n\t\t<div class=\"elementor-element elementor-element-8e05fa3 e-flex e-con-boxed e-con e-parent\" data-id=\"8e05fa3\" data-element_type=\"container\" data-e-type=\"container\">\n\t\t\t\t\t<div class=\"e-con-inner\">\n\t\t\t\t<div class=\"elementor-element elementor-element-7b161d7 elementor-widget elementor-widget-heading\" data-id=\"7b161d7\" data-element_type=\"widget\" data-e-type=\"widget\" data-widget_type=\"heading.default\">\n\t\t\t\t<div class=\"elementor-widget-container\">\n\t\t\t\t\t<h2 class=\"elementor-heading-title elementor-size-default\">Quelques photographies en souvenir<\/h2>\t\t\t\t<\/div>\n\t\t\t\t<\/div>\n\t\t\t\t<div class=\"elementor-element elementor-element-d8e4e46 elementor-widget elementor-widget-image-gallery\" data-id=\"d8e4e46\" data-element_type=\"widget\" data-e-type=\"widget\" data-widget_type=\"image-gallery.default\">\n\t\t\t\t<div class=\"elementor-widget-container\">\n\t\t\t\t\t\t\t<div class=\"elementor-image-gallery\">\n\t\t\t\n\t\t<style type=\"text\/css\">\n\t\t\t#gallery-6 {\n\t\t\t\tmargin: auto;\n\t\t\t}\n\t\t\t#gallery-6 .gallery-item {\n\t\t\t\tfloat: left;\n\t\t\t\tmargin-top: 10px;\n\t\t\t\ttext-align: center;\n\t\t\t\twidth: 14%;\n\t\t\t}\n\t\t\t#gallery-6 img {\n\t\t\t\tborder: 2px solid #cfcfcf;\n\t\t\t}\n\t\t\t#gallery-6 .gallery-caption {\n\t\t\t\tmargin-left: 0;\n\t\t\t}\n\t\t\t\/* see gallery_shortcode() in wp-includes\/media.php *\/\n\t\t<\/style>\n\t\t<div id='gallery-6' class='gallery galleryid-18902 gallery-columns-7 gallery-size-thumbnail'><dl class='gallery-item'>\n\t\t\t<dt class='gallery-icon landscape'>\n\t\t\t\t<a data-elementor-open-lightbox=\"yes\" data-elementor-lightbox-slideshow=\"d8e4e46\" data-elementor-lightbox-title=\"1986 Les Belges \u00e0 Arles Photo V\u00e9ronique VERCHEVAL\" data-e-action-hash=\"#elementor-action%3Aaction%3Dlightbox%26settings%3DeyJpZCI6MTg5MTMsInVybCI6Imh0dHBzOlwvXC9jcnBjLWFzYmwuYmVcL2NvcGllLWNycGMtYWN0aXZpdGVzXC93cC1jb250ZW50XC91cGxvYWRzXC8yMDI0XC8xMFwvMTk4Ni1MZXMtQmVsZ2VzLWEtQXJsZXMtUGhvdG8tVmVyb25pcXVlLVZFUkNIRVZBTC5qcGciLCJzbGlkZXNob3ciOiJkOGU0ZTQ2In0%3D\" href='https:\/\/crpc-asbl.be\/copie-crpc-activites\/wp-content\/uploads\/2024\/10\/1986-Les-Belges-a-Arles-Photo-Veronique-VERCHEVAL.jpg'><img decoding=\"async\" width=\"150\" height=\"150\" src=\"https:\/\/crpc-asbl.be\/copie-crpc-activites\/wp-content\/uploads\/2024\/10\/1986-Les-Belges-a-Arles-Photo-Veronique-VERCHEVAL-150x150.jpg\" class=\"attachment-thumbnail size-thumbnail\" alt=\"\" srcset=\"https:\/\/crpc-asbl.be\/copie-crpc-activites\/wp-content\/uploads\/2024\/10\/1986-Les-Belges-a-Arles-Photo-Veronique-VERCHEVAL-150x150.jpg 150w, https:\/\/crpc-asbl.be\/copie-crpc-activites\/wp-content\/uploads\/2024\/10\/1986-Les-Belges-a-Arles-Photo-Veronique-VERCHEVAL-440x440.jpg 440w\" sizes=\"(max-width: 150px) 100vw, 150px\" \/><\/a>\n\t\t\t<\/dt><\/dl><dl class='gallery-item'>\n\t\t\t<dt class='gallery-icon landscape'>\n\t\t\t\t<a data-elementor-open-lightbox=\"yes\" data-elementor-lightbox-slideshow=\"d8e4e46\" data-elementor-lightbox-title=\"Portrait de Lucien LOMBET par Bernard MAIRESSE\" data-e-action-hash=\"#elementor-action%3Aaction%3Dlightbox%26settings%3DeyJpZCI6MTg5MjAsInVybCI6Imh0dHBzOlwvXC9jcnBjLWFzYmwuYmVcL2NvcGllLWNycGMtYWN0aXZpdGVzXC93cC1jb250ZW50XC91cGxvYWRzXC8yMDI0XC8xMFwvUG9ydHJhaXQtZGUtTHVjaWVuLUxPTUJFVC1wYXItQmVybmFyZC1NQUlSRVNTRS5qcGciLCJzbGlkZXNob3ciOiJkOGU0ZTQ2In0%3D\" href='https:\/\/crpc-asbl.be\/copie-crpc-activites\/wp-content\/uploads\/2024\/10\/Portrait-de-Lucien-LOMBET-par-Bernard-MAIRESSE.jpg'><img loading=\"lazy\" loading=\"lazy\" decoding=\"async\" width=\"150\" height=\"150\" src=\"https:\/\/crpc-asbl.be\/copie-crpc-activites\/wp-content\/uploads\/2024\/10\/Portrait-de-Lucien-LOMBET-par-Bernard-MAIRESSE-150x150.jpg\" class=\"attachment-thumbnail size-thumbnail\" alt=\"\" srcset=\"https:\/\/crpc-asbl.be\/copie-crpc-activites\/wp-content\/uploads\/2024\/10\/Portrait-de-Lucien-LOMBET-par-Bernard-MAIRESSE-150x150.jpg 150w, https:\/\/crpc-asbl.be\/copie-crpc-activites\/wp-content\/uploads\/2024\/10\/Portrait-de-Lucien-LOMBET-par-Bernard-MAIRESSE-300x300.jpg 300w, https:\/\/crpc-asbl.be\/copie-crpc-activites\/wp-content\/uploads\/2024\/10\/Portrait-de-Lucien-LOMBET-par-Bernard-MAIRESSE-440x440.jpg 440w, https:\/\/crpc-asbl.be\/copie-crpc-activites\/wp-content\/uploads\/2024\/10\/Portrait-de-Lucien-LOMBET-par-Bernard-MAIRESSE.jpg 512w\" sizes=\"(max-width: 150px) 100vw, 150px\" \/><\/a>\n\t\t\t<\/dt><\/dl><dl class='gallery-item'>\n\t\t\t<dt class='gallery-icon portrait'>\n\t\t\t\t<a data-elementor-open-lightbox=\"yes\" data-elementor-lightbox-slideshow=\"d8e4e46\" data-elementor-lightbox-title=\"Lucien LOMBERT et d&#039;autres membres du CRPC\" data-e-action-hash=\"#elementor-action%3Aaction%3Dlightbox%26settings%3DeyJpZCI6MTg5MTUsInVybCI6Imh0dHBzOlwvXC9jcnBjLWFzYmwuYmVcL2NvcGllLWNycGMtYWN0aXZpdGVzXC93cC1jb250ZW50XC91cGxvYWRzXC8yMDI0XC8xMFwvTHVjaWVuLUxPTUJFUlQtZXQtZGF1dHJlcy1tZW1icmVzLWR1LUNSUEMuanBnIiwic2xpZGVzaG93IjoiZDhlNGU0NiJ9\" href='https:\/\/crpc-asbl.be\/copie-crpc-activites\/wp-content\/uploads\/2024\/10\/Lucien-LOMBERT-et-dautres-membres-du-CRPC.jpg'><img loading=\"lazy\" loading=\"lazy\" decoding=\"async\" width=\"150\" height=\"150\" src=\"https:\/\/crpc-asbl.be\/copie-crpc-activites\/wp-content\/uploads\/2024\/10\/Lucien-LOMBERT-et-dautres-membres-du-CRPC-150x150.jpg\" class=\"attachment-thumbnail size-thumbnail\" alt=\"\" srcset=\"https:\/\/crpc-asbl.be\/copie-crpc-activites\/wp-content\/uploads\/2024\/10\/Lucien-LOMBERT-et-dautres-membres-du-CRPC-150x150.jpg 150w, https:\/\/crpc-asbl.be\/copie-crpc-activites\/wp-content\/uploads\/2024\/10\/Lucien-LOMBERT-et-dautres-membres-du-CRPC-440x440.jpg 440w\" sizes=\"(max-width: 150px) 100vw, 150px\" \/><\/a>\n\t\t\t<\/dt><\/dl><dl class='gallery-item'>\n\t\t\t<dt class='gallery-icon portrait'>\n\t\t\t\t<a data-elementor-open-lightbox=\"yes\" data-elementor-lightbox-slideshow=\"d8e4e46\" data-elementor-lightbox-title=\"Lucien LOMBERT et d&#039;autres membres du CRPC 01\" data-e-action-hash=\"#elementor-action%3Aaction%3Dlightbox%26settings%3DeyJpZCI6MTg5MTQsInVybCI6Imh0dHBzOlwvXC9jcnBjLWFzYmwuYmVcL2NvcGllLWNycGMtYWN0aXZpdGVzXC93cC1jb250ZW50XC91cGxvYWRzXC8yMDI0XC8xMFwvTHVjaWVuLUxPTUJFUlQtZXQtZGF1dHJlcy1tZW1icmVzLWR1LUNSUEMtMDEuanBnIiwic2xpZGVzaG93IjoiZDhlNGU0NiJ9\" href='https:\/\/crpc-asbl.be\/copie-crpc-activites\/wp-content\/uploads\/2024\/10\/Lucien-LOMBERT-et-dautres-membres-du-CRPC-01.jpg'><img loading=\"lazy\" loading=\"lazy\" decoding=\"async\" width=\"150\" height=\"150\" src=\"https:\/\/crpc-asbl.be\/copie-crpc-activites\/wp-content\/uploads\/2024\/10\/Lucien-LOMBERT-et-dautres-membres-du-CRPC-01-150x150.jpg\" class=\"attachment-thumbnail size-thumbnail\" alt=\"\" srcset=\"https:\/\/crpc-asbl.be\/copie-crpc-activites\/wp-content\/uploads\/2024\/10\/Lucien-LOMBERT-et-dautres-membres-du-CRPC-01-150x150.jpg 150w, https:\/\/crpc-asbl.be\/copie-crpc-activites\/wp-content\/uploads\/2024\/10\/Lucien-LOMBERT-et-dautres-membres-du-CRPC-01-440x440.jpg 440w\" sizes=\"(max-width: 150px) 100vw, 150px\" \/><\/a>\n\t\t\t<\/dt><\/dl><dl class='gallery-item'>\n\t\t\t<dt class='gallery-icon landscape'>\n\t\t\t\t<a data-elementor-open-lightbox=\"yes\" data-elementor-lightbox-slideshow=\"d8e4e46\" data-elementor-lightbox-title=\"Lucien LOMBET 01\" data-e-action-hash=\"#elementor-action%3Aaction%3Dlightbox%26settings%3DeyJpZCI6MTg5MTYsInVybCI6Imh0dHBzOlwvXC9jcnBjLWFzYmwuYmVcL2NvcGllLWNycGMtYWN0aXZpdGVzXC93cC1jb250ZW50XC91cGxvYWRzXC8yMDI0XC8xMFwvTHVjaWVuLUxPTUJFVC0wMS5qcGciLCJzbGlkZXNob3ciOiJkOGU0ZTQ2In0%3D\" href='https:\/\/crpc-asbl.be\/copie-crpc-activites\/wp-content\/uploads\/2024\/10\/Lucien-LOMBET-01.jpg'><img loading=\"lazy\" loading=\"lazy\" decoding=\"async\" width=\"150\" height=\"150\" src=\"https:\/\/crpc-asbl.be\/copie-crpc-activites\/wp-content\/uploads\/2024\/10\/Lucien-LOMBET-01-150x150.jpg\" class=\"attachment-thumbnail size-thumbnail\" alt=\"\" srcset=\"https:\/\/crpc-asbl.be\/copie-crpc-activites\/wp-content\/uploads\/2024\/10\/Lucien-LOMBET-01-150x150.jpg 150w, https:\/\/crpc-asbl.be\/copie-crpc-activites\/wp-content\/uploads\/2024\/10\/Lucien-LOMBET-01-440x440.jpg 440w\" sizes=\"(max-width: 150px) 100vw, 150px\" \/><\/a>\n\t\t\t<\/dt><\/dl><dl class='gallery-item'>\n\t\t\t<dt class='gallery-icon portrait'>\n\t\t\t\t<a data-elementor-open-lightbox=\"yes\" data-elementor-lightbox-slideshow=\"d8e4e46\" data-elementor-lightbox-title=\"Lucien LOMBET 02\" data-e-action-hash=\"#elementor-action%3Aaction%3Dlightbox%26settings%3DeyJpZCI6MTg5MTcsInVybCI6Imh0dHBzOlwvXC9jcnBjLWFzYmwuYmVcL2NvcGllLWNycGMtYWN0aXZpdGVzXC93cC1jb250ZW50XC91cGxvYWRzXC8yMDI0XC8xMFwvTHVjaWVuLUxPTUJFVC0wMi5qcGciLCJzbGlkZXNob3ciOiJkOGU0ZTQ2In0%3D\" href='https:\/\/crpc-asbl.be\/copie-crpc-activites\/wp-content\/uploads\/2024\/10\/Lucien-LOMBET-02.jpg'><img loading=\"lazy\" loading=\"lazy\" decoding=\"async\" width=\"150\" height=\"150\" src=\"https:\/\/crpc-asbl.be\/copie-crpc-activites\/wp-content\/uploads\/2024\/10\/Lucien-LOMBET-02-150x150.jpg\" class=\"attachment-thumbnail size-thumbnail\" alt=\"\" srcset=\"https:\/\/crpc-asbl.be\/copie-crpc-activites\/wp-content\/uploads\/2024\/10\/Lucien-LOMBET-02-150x150.jpg 150w, https:\/\/crpc-asbl.be\/copie-crpc-activites\/wp-content\/uploads\/2024\/10\/Lucien-LOMBET-02-440x440.jpg 440w\" sizes=\"(max-width: 150px) 100vw, 150px\" \/><\/a>\n\t\t\t<\/dt><\/dl><dl class='gallery-item'>\n\t\t\t<dt class='gallery-icon landscape'>\n\t\t\t\t<a data-elementor-open-lightbox=\"yes\" data-elementor-lightbox-slideshow=\"d8e4e46\" data-elementor-lightbox-title=\"Lucien LOMBET 03\" data-e-action-hash=\"#elementor-action%3Aaction%3Dlightbox%26settings%3DeyJpZCI6MTg5MTgsInVybCI6Imh0dHBzOlwvXC9jcnBjLWFzYmwuYmVcL2NvcGllLWNycGMtYWN0aXZpdGVzXC93cC1jb250ZW50XC91cGxvYWRzXC8yMDI0XC8xMFwvTHVjaWVuLUxPTUJFVC0wMy5qcGciLCJzbGlkZXNob3ciOiJkOGU0ZTQ2In0%3D\" href='https:\/\/crpc-asbl.be\/copie-crpc-activites\/wp-content\/uploads\/2024\/10\/Lucien-LOMBET-03.jpg'><img loading=\"lazy\" loading=\"lazy\" decoding=\"async\" width=\"150\" height=\"150\" src=\"https:\/\/crpc-asbl.be\/copie-crpc-activites\/wp-content\/uploads\/2024\/10\/Lucien-LOMBET-03-150x150.jpg\" class=\"attachment-thumbnail size-thumbnail\" alt=\"\" srcset=\"https:\/\/crpc-asbl.be\/copie-crpc-activites\/wp-content\/uploads\/2024\/10\/Lucien-LOMBET-03-150x150.jpg 150w, https:\/\/crpc-asbl.be\/copie-crpc-activites\/wp-content\/uploads\/2024\/10\/Lucien-LOMBET-03-440x440.jpg 440w\" sizes=\"(max-width: 150px) 100vw, 150px\" \/><\/a>\n\t\t\t<\/dt><\/dl><br style=\"clear: both\" \/>\n\t\t<\/div>\n\t\t<\/div>\n\t\t\t\t\t\t<\/div>\n\t\t\t\t<\/div>\n\t\t\t\t\t<\/div>\n\t\t\t\t<\/div>\n\t\t<div class=\"elementor-element elementor-element-f1770e5 e-flex e-con-boxed e-con e-parent\" data-id=\"f1770e5\" data-element_type=\"container\" data-e-type=\"container\">\n\t\t\t\t\t<div class=\"e-con-inner\">\n\t\t\t\t<div class=\"elementor-element elementor-element-40de722 elementor-widget elementor-widget-image\" data-id=\"40de722\" data-element_type=\"widget\" data-e-type=\"widget\" data-widget_type=\"image.default\">\n\t\t\t\t<div class=\"elementor-widget-container\">\n\t\t\t\t\t\t\t\t\t\t\t\t\t\t\t\t<a href=\"https:\/\/crpc-asbl.be\/activites\/wp-content\/uploads\/2024\/10\/Lucien-LOMBET.jpg\" data-elementor-open-lightbox=\"yes\" data-elementor-lightbox-title=\"Lucien LOMBET\" data-e-action-hash=\"#elementor-action%3Aaction%3Dlightbox%26settings%3DeyJpZCI6MTg5MTksInVybCI6Imh0dHBzOlwvXC9jcnBjLWFzYmwuYmVcL2NvcGllLWNycGMtYWN0aXZpdGVzXC93cC1jb250ZW50XC91cGxvYWRzXC8yMDI0XC8xMFwvTHVjaWVuLUxPTUJFVC5qcGcifQ%3D%3D\">\n\t\t\t\t\t\t\t<img loading=\"lazy\" loading=\"lazy\" decoding=\"async\" width=\"225\" height=\"300\" src=\"https:\/\/crpc-asbl.be\/copie-crpc-activites\/wp-content\/uploads\/2024\/10\/Lucien-LOMBET-225x300.jpg\" class=\"attachment-medium size-medium wp-image-18919\" alt=\"\" srcset=\"https:\/\/crpc-asbl.be\/copie-crpc-activites\/wp-content\/uploads\/2024\/10\/Lucien-LOMBET-225x300.jpg 225w, https:\/\/crpc-asbl.be\/copie-crpc-activites\/wp-content\/uploads\/2024\/10\/Lucien-LOMBET-768x1024.jpg 768w, https:\/\/crpc-asbl.be\/copie-crpc-activites\/wp-content\/uploads\/2024\/10\/Lucien-LOMBET-1152x1536.jpg 1152w, https:\/\/crpc-asbl.be\/copie-crpc-activites\/wp-content\/uploads\/2024\/10\/Lucien-LOMBET-1080x1440.jpg 1080w, https:\/\/crpc-asbl.be\/copie-crpc-activites\/wp-content\/uploads\/2024\/10\/Lucien-LOMBET.jpg 1536w\" sizes=\"(max-width: 225px) 100vw, 225px\" \/>\t\t\t\t\t\t\t\t<\/a>\n\t\t\t\t\t\t\t\t\t\t\t\t\t\t\t<\/div>\n\t\t\t\t<\/div>\n\t\t\t\t\t<\/div>\n\t\t\t\t<\/div>\n\t\t<div class=\"elementor-element elementor-element-128845a e-flex e-con-boxed e-con e-parent\" data-id=\"128845a\" data-element_type=\"container\" data-e-type=\"container\">\n\t\t\t\t\t<div class=\"e-con-inner\">\n\t\t\t\t\t<\/div>\n\t\t\t\t<\/div>\n\t\t\t\t<\/div>\n\t\t","protected":false},"excerpt":{"rendered":"<p>Lucien LOMBET N\u00e9 le 05\/06\/1944 \u00e0 Jumet.Souffrant d&rsquo;un cancer, il est d\u00e9c\u00e9d\u00e9 ce jeudi 24\/10\/2024. Artiste et photographe, c&rsquo;\u00e9tait un ancien membre \u00a0du Cercle.Il y \u00e9tait entr\u00e9 le 12\/09\/2007. Il a particip\u00e9 activement \u00e0 la vie de l&rsquo;association en y apportant tout son savoir faire.Il \u00e9tait de bon conseil. Quelques photographies en souvenir<\/p>\n","protected":false},"author":1,"featured_media":18909,"comment_status":"open","ping_status":"open","sticky":false,"template":"elementor_header_footer","format":"standard","meta":{"_et_pb_use_builder":"on","_et_pb_old_content":"","_et_gb_content_width":"","_eb_attr":"","footnotes":""},"categories":[31,36],"tags":[103,101,102],"class_list":["post-18902","post","type-post","status-publish","format-standard","has-post-thumbnail","hentry","category-2020-2029","category-info","tag-avis-de-deces","tag-lucien-lombet","tag-photographe","et-has-post-format-content","et_post_format-et-post-format-standard"],"_links":{"self":[{"href":"https:\/\/crpc-asbl.be\/copie-crpc-activites\/wp-json\/wp\/v2\/posts\/18902","targetHints":{"allow":["GET"]}}],"collection":[{"href":"https:\/\/crpc-asbl.be\/copie-crpc-activites\/wp-json\/wp\/v2\/posts"}],"about":[{"href":"https:\/\/crpc-asbl.be\/copie-crpc-activites\/wp-json\/wp\/v2\/types\/post"}],"author":[{"embeddable":true,"href":"https:\/\/crpc-asbl.be\/copie-crpc-activites\/wp-json\/wp\/v2\/users\/1"}],"replies":[{"embeddable":true,"href":"https:\/\/crpc-asbl.be\/copie-crpc-activites\/wp-json\/wp\/v2\/comments?post=18902"}],"version-history":[{"count":1,"href":"https:\/\/crpc-asbl.be\/copie-crpc-activites\/wp-json\/wp\/v2\/posts\/18902\/revisions"}],"predecessor-version":[{"id":19540,"href":"https:\/\/crpc-asbl.be\/copie-crpc-activites\/wp-json\/wp\/v2\/posts\/18902\/revisions\/19540"}],"wp:featuredmedia":[{"embeddable":true,"href":"https:\/\/crpc-asbl.be\/copie-crpc-activites\/wp-json\/wp\/v2\/media\/18909"}],"wp:attachment":[{"href":"https:\/\/crpc-asbl.be\/copie-crpc-activites\/wp-json\/wp\/v2\/media?parent=18902"}],"wp:term":[{"taxonomy":"category","embeddable":true,"href":"https:\/\/crpc-asbl.be\/copie-crpc-activites\/wp-json\/wp\/v2\/categories?post=18902"},{"taxonomy":"post_tag","embeddable":true,"href":"https:\/\/crpc-asbl.be\/copie-crpc-activites\/wp-json\/wp\/v2\/tags?post=18902"}],"curies":[{"name":"wp","href":"https:\/\/api.w.org\/{rel}","templated":true}]}}