{"id":12991,"date":"2024-02-24T11:57:09","date_gmt":"2024-02-24T10:57:09","guid":{"rendered":"https:\/\/www.crpc.be\/crpc_wp\/?p=12991"},"modified":"2024-03-26T18:03:10","modified_gmt":"2024-03-26T17:03:10","slug":"ce-nest-quun-au-revoir-2","status":"publish","type":"post","link":"https:\/\/crpc-asbl.be\/copie-crpc-activites\/2024\/02\/24\/ce-nest-quun-au-revoir-2\/","title":{"rendered":"Ce n&rsquo;est qu&rsquo;un au revoir &#8230;"},"content":{"rendered":"\t\t<div data-elementor-type=\"wp-post\" data-elementor-id=\"12991\" class=\"elementor elementor-12991\">\n\t\t\t\t\t\t<section class=\"elementor-section elementor-top-section elementor-element elementor-element-370f88c elementor-section-height-min-height elementor-section-items-bottom elementor-section-boxed elementor-section-height-default\" data-id=\"370f88c\" data-element_type=\"section\" data-e-type=\"section\" data-settings=\"{&quot;background_background&quot;:&quot;classic&quot;}\">\n\t\t\t\t\t\t<div class=\"elementor-container elementor-column-gap-default\">\n\t\t\t\t\t<div class=\"elementor-column elementor-col-100 elementor-top-column elementor-element elementor-element-d3c24fe\" data-id=\"d3c24fe\" data-element_type=\"column\" data-e-type=\"column\">\n\t\t\t<div class=\"elementor-widget-wrap elementor-element-populated\">\n\t\t\t\t\t\t<div class=\"elementor-element elementor-element-05ababe elementor-widget elementor-widget-text-editor\" data-id=\"05ababe\" data-element_type=\"widget\" data-e-type=\"widget\" data-widget_type=\"text-editor.default\">\n\t\t\t\t<div class=\"elementor-widget-container\">\n\t\t\t\t\t\t\t\t\t<p>Notre exposition \u00ab\u00a0<a href=\"https:\/\/www.crpc.be\/crpc_wp\/accueil-activites\/charleroi-sort-du-cadre\/\" target=\"_blank\" rel=\"noopener\" data-wplink-edit=\"true\">Charleroi sort du cadre<\/a>\u00a0\u00bb s&rsquo;est cl\u00f4tur\u00e9e ce vendredi 23\/02\/2024<br \/>par une conf\u00e9rence organis\u00e9e par le CAL Charleroi<br \/>\u00ab\u00a0La Photographie, L&rsquo;Humain, L&rsquo;Environnement\u00a0\u00bb<br \/>avec <a href=\"https:\/\/mantovaniandrea.com\" target=\"_blank\" rel=\"noopener\">Andr\u00e9a Olga Mantovani<\/a>.<\/p>\t\t\t\t\t\t\t\t<\/div>\n\t\t\t\t<\/div>\n\t\t\t\t\t<\/div>\n\t\t<\/div>\n\t\t\t\t\t<\/div>\n\t\t<\/section>\n\t\t\t\t<section class=\"elementor-section elementor-top-section elementor-element elementor-element-b9cc112 elementor-section-boxed elementor-section-height-default elementor-section-height-default\" data-id=\"b9cc112\" data-element_type=\"section\" data-e-type=\"section\">\n\t\t\t\t\t\t<div class=\"elementor-container elementor-column-gap-default\">\n\t\t\t\t\t<div class=\"elementor-column elementor-col-100 elementor-top-column elementor-element elementor-element-47a5e76\" data-id=\"47a5e76\" data-element_type=\"column\" data-e-type=\"column\">\n\t\t\t<div class=\"elementor-widget-wrap elementor-element-populated\">\n\t\t\t\t\t\t<section class=\"elementor-section elementor-inner-section elementor-element elementor-element-b48de80 elementor-section-boxed elementor-section-height-default elementor-section-height-default\" data-id=\"b48de80\" data-element_type=\"section\" data-e-type=\"section\">\n\t\t\t\t\t\t<div class=\"elementor-container elementor-column-gap-default\">\n\t\t\t\t\t<div class=\"elementor-column elementor-col-50 elementor-inner-column elementor-element elementor-element-ca5052e\" data-id=\"ca5052e\" data-element_type=\"column\" data-e-type=\"column\">\n\t\t\t<div class=\"elementor-widget-wrap elementor-element-populated\">\n\t\t\t\t\t\t<div class=\"elementor-element elementor-element-83a1b19 elementor-widget elementor-widget-text-editor\" data-id=\"83a1b19\" data-element_type=\"widget\" data-e-type=\"widget\" data-widget_type=\"text-editor.default\">\n\t\t\t\t<div class=\"elementor-widget-container\">\n\t\t\t\t\t\t\t\t\t<p>\u00a0\u00bb Quel r\u00f4le peut jouer la photographie dans un \u00e9veil des consciences ? En quoi repenser notre lien avec la nature nous pousse \u00e0 r\u00e9inventer notre libert\u00e9 ? Quelle place faut-il accorder aux sciences et \u00e0 la technique dans le rapport \u00e0 l\u2019environnement ?<\/p><p>Cette conf\u00e9rence donn\u00e9e par Andr\u00e9a Olga Mantovani viendra questionner le r\u00f4le de la photographie dans l&rsquo;\u00e9veil des consciences, la sensibilit\u00e9 environnementale et la solidarit\u00e9 humaine.<\/p><p>G\u00e9ographe de formation devenue photographe prim\u00e9e, elle nous partagera son exp\u00e9rience et son regard unique sur l&rsquo;environnement \u00e0 travers ses photographies. Alternant images de paysages et mises en sc\u00e8nes all\u00e9goriques, l&rsquo;artiste nous renvoie la complexit\u00e9 de la crise environnementale et \u00e9voque de mani\u00e8re m\u00e9taphorique certains aspects des grands enjeux \u00e9cologiques. \u00ab\u00a0<\/p>\t\t\t\t\t\t\t\t<\/div>\n\t\t\t\t<\/div>\n\t\t\t\t\t<\/div>\n\t\t<\/div>\n\t\t\t\t<div class=\"elementor-column elementor-col-50 elementor-inner-column elementor-element elementor-element-fba87ef\" data-id=\"fba87ef\" data-element_type=\"column\" data-e-type=\"column\">\n\t\t\t<div class=\"elementor-widget-wrap elementor-element-populated\">\n\t\t\t\t\t\t<div class=\"elementor-element elementor-element-4823c02 elementor-widget elementor-widget-text-editor\" data-id=\"4823c02\" data-element_type=\"widget\" data-e-type=\"widget\" data-widget_type=\"text-editor.default\">\n\t\t\t\t<div class=\"elementor-widget-container\">\n\t\t\t\t\t\t\t\t\t<p>Fil conducteur de cette conf\u00e9rence, Andr\u00e9a Olga Mantovani nous a pr\u00e9sent\u00e9 son livre \u00ab\u00a0<a href=\"https:\/\/www.editionsdunerivealautre.com\/produit\/senforester\/\" target=\"_blank\" rel=\"noopener\">S&rsquo;enforester<\/a>\u00ab\u00a0, co-\u00e9crit avec <a href=\"https:\/\/projetcoal.org\/partage\/evenements\/andrea-olga-mantovani-et-basptiste-morizot-au-musee-albert-kahn\/\" target=\"_blank\" rel=\"noopener\">Baptiste Morizo<\/a>, par le biais d&rsquo;un petit film reprenant une s\u00e9lection de ses photographies de la for\u00eat de <a href=\"https:\/\/www.pologne.travel\/fr-be\/nature\/parcs-nationaux\/bialowieski\" target=\"_blank\" rel=\"noopener\">Bia\u0142owie\u017ca<\/a> en <a href=\"https:\/\/pl.wikipedia.org\/wiki\/Puszcza_Bia\u0142owieska\" target=\"_blank\" rel=\"noopener\">Pologne<\/a>.<\/p>\n<p>Bialowieza, une des derni\u00e8res for\u00eats primaires d&rsquo;Europe, form\u00e9e il y a quelques 10000 ans, refuge des derniers bisons d&rsquo;Europe et d&rsquo;une grande beaut\u00e9.<\/p><p>On se doit de la pr\u00e9server.<\/p>\n<p><\/p>\t\t\t\t\t\t\t\t<\/div>\n\t\t\t\t<\/div>\n\t\t\t\t\t<\/div>\n\t\t<\/div>\n\t\t\t\t\t<\/div>\n\t\t<\/section>\n\t\t\t\t\t<\/div>\n\t\t<\/div>\n\t\t\t\t\t<\/div>\n\t\t<\/section>\n\t\t<div class=\"elementor-element elementor-element-b19096f e-flex e-con-boxed e-con e-parent\" data-id=\"b19096f\" data-element_type=\"container\" data-e-type=\"container\">\n\t\t\t\t\t<div class=\"e-con-inner\">\n\t\t<div class=\"elementor-element elementor-element-e4c9f92 e-con-full e-flex e-con e-child\" data-id=\"e4c9f92\" data-element_type=\"container\" data-e-type=\"container\">\n\t\t<div class=\"elementor-element elementor-element-cc66a5e e-con-full e-flex e-con e-child\" data-id=\"cc66a5e\" data-element_type=\"container\" data-e-type=\"container\">\n\t\t<div class=\"elementor-element elementor-element-600c52f e-con-full e-flex e-con e-child\" data-id=\"600c52f\" data-element_type=\"container\" data-e-type=\"container\">\n\t\t\t\t<div class=\"elementor-element elementor-element-8742ed4 elementor-widget elementor-widget-text-editor\" data-id=\"8742ed4\" data-element_type=\"widget\" data-e-type=\"widget\" data-widget_type=\"text-editor.default\">\n\t\t\t\t<div class=\"elementor-widget-container\">\n\t\t\t\t\t\t\t\t\t<p>\u00a0\u00bb Quel r\u00f4le peut jouer la photographie dans un \u00e9veil des consciences ? En quoi repenser notre lien avec la nature nous pousse \u00e0 r\u00e9inventer notre libert\u00e9 ? Quelle place faut-il accorder aux sciences et \u00e0 la technique dans le rapport \u00e0 l\u2019environnement ?<\/p><p>Cette conf\u00e9rence donn\u00e9e par Andr\u00e9a Olga Mantovani viendra questionner le r\u00f4le de la photographie dans l&rsquo;\u00e9veil des consciences, la sensibilit\u00e9 environnementale et la solidarit\u00e9 humaine.<\/p><p>G\u00e9ographe de formation devenue photographe prim\u00e9e, elle nous partagera son exp\u00e9rience et son regard unique sur l&rsquo;environnement \u00e0 travers ses photographies. Alternant images de paysages et mises en sc\u00e8nes all\u00e9goriques, l&rsquo;artiste nous renvoie la complexit\u00e9 de la crise environnementale et \u00e9voque de mani\u00e8re m\u00e9taphorique certains aspects des grands enjeux \u00e9cologiques. \u00ab\u00a0<\/p>\t\t\t\t\t\t\t\t<\/div>\n\t\t\t\t<\/div>\n\t\t\t\t<\/div>\n\t\t<div class=\"elementor-element elementor-element-b1e4e8b e-con-full e-flex e-con e-child\" data-id=\"b1e4e8b\" data-element_type=\"container\" data-e-type=\"container\">\n\t\t\t\t<div class=\"elementor-element elementor-element-89bc603 elementor-widget elementor-widget-text-editor\" data-id=\"89bc603\" data-element_type=\"widget\" data-e-type=\"widget\" data-widget_type=\"text-editor.default\">\n\t\t\t\t<div class=\"elementor-widget-container\">\n\t\t\t\t\t\t\t\t\t<p>Fil conducteur de cette conf\u00e9rence, Andr\u00e9a Olga Mantovani nous a pr\u00e9sent\u00e9 son livre \u00ab\u00a0<a href=\"https:\/\/www.editionsdunerivealautre.com\/produit\/senforester\/\" target=\"_blank\" rel=\"noopener\">S&rsquo;enforester<\/a>\u00ab\u00a0, co-\u00e9crit avec <a href=\"https:\/\/projetcoal.org\/partage\/evenements\/andrea-olga-mantovani-et-basptiste-morizot-au-musee-albert-kahn\/\" target=\"_blank\" rel=\"noopener\">Baptiste Morizo<\/a>, par le biais d&rsquo;un petit film reprenant une s\u00e9lection de ses photographies de la for\u00eat de <a href=\"https:\/\/www.pologne.travel\/fr-be\/nature\/parcs-nationaux\/bialowieski\" target=\"_blank\" rel=\"noopener\">Bia\u0142owie\u017ca<\/a> en <a href=\"https:\/\/pl.wikipedia.org\/wiki\/Puszcza_Bia\u0142owieska\" target=\"_blank\" rel=\"noopener\">Pologne<\/a>.<\/p>\n<p>Bialowieza, une des derni\u00e8res for\u00eats primaires d&rsquo;Europe, form\u00e9e il y a quelques 10000 ans, refuge des derniers bisons d&rsquo;Europe et d&rsquo;une grande beaut\u00e9.<\/p><p>On se doit de la pr\u00e9server.<\/p>\n<p><\/p>\t\t\t\t\t\t\t\t<\/div>\n\t\t\t\t<\/div>\n\t\t\t\t<\/div>\n\t\t\t\t<\/div>\n\t\t\t\t<\/div>\n\t\t\t\t\t<\/div>\n\t\t\t\t<\/div>\n\t\t\t\t<section class=\"elementor-section elementor-top-section elementor-element elementor-element-ff55d75 elementor-section-boxed elementor-section-height-default elementor-section-height-default\" data-id=\"ff55d75\" data-element_type=\"section\" data-e-type=\"section\">\n\t\t\t\t\t\t<div class=\"elementor-container elementor-column-gap-default\">\n\t\t\t\t\t<div class=\"elementor-column elementor-col-33 elementor-top-column elementor-element elementor-element-513c402\" data-id=\"513c402\" data-element_type=\"column\" data-e-type=\"column\">\n\t\t\t<div class=\"elementor-widget-wrap elementor-element-populated\">\n\t\t\t\t\t\t<div class=\"elementor-element elementor-element-a871767 elementor-widget elementor-widget-image\" data-id=\"a871767\" data-element_type=\"widget\" data-e-type=\"widget\" data-widget_type=\"image.default\">\n\t\t\t\t<div class=\"elementor-widget-container\">\n\t\t\t\t\t\t\t\t\t\t\t\t\t\t\t<img fetchpriority=\"high\" fetchpriority=\"high\" decoding=\"async\" width=\"1024\" height=\"1024\" src=\"https:\/\/crpc-asbl.be\/copie-crpc-activites\/wp-content\/uploads\/2024\/03\/20240223-CAL-CHARLEROI-14-1-1024x1024.jpg\" class=\"attachment-large size-large wp-image-13981\" alt=\"\" srcset=\"https:\/\/crpc-asbl.be\/copie-crpc-activites\/wp-content\/uploads\/2024\/03\/20240223-CAL-CHARLEROI-14-1-1024x1024.jpg 1024w, https:\/\/crpc-asbl.be\/copie-crpc-activites\/wp-content\/uploads\/2024\/03\/20240223-CAL-CHARLEROI-14-1-300x300.jpg 300w, https:\/\/crpc-asbl.be\/copie-crpc-activites\/wp-content\/uploads\/2024\/03\/20240223-CAL-CHARLEROI-14-1-150x150.jpg 150w, https:\/\/crpc-asbl.be\/copie-crpc-activites\/wp-content\/uploads\/2024\/03\/20240223-CAL-CHARLEROI-14-1-768x768.jpg 768w, https:\/\/crpc-asbl.be\/copie-crpc-activites\/wp-content\/uploads\/2024\/03\/20240223-CAL-CHARLEROI-14-1-1080x1080.jpg 1080w, https:\/\/crpc-asbl.be\/copie-crpc-activites\/wp-content\/uploads\/2024\/03\/20240223-CAL-CHARLEROI-14-1-440x440.jpg 440w, https:\/\/crpc-asbl.be\/copie-crpc-activites\/wp-content\/uploads\/2024\/03\/20240223-CAL-CHARLEROI-14-1.jpg 1250w\" sizes=\"(max-width: 1024px) 100vw, 1024px\" \/>\t\t\t\t\t\t\t\t\t\t\t\t\t\t\t<\/div>\n\t\t\t\t<\/div>\n\t\t\t\t\t<\/div>\n\t\t<\/div>\n\t\t\t\t<div class=\"elementor-column elementor-col-33 elementor-top-column elementor-element elementor-element-8b7f900\" data-id=\"8b7f900\" data-element_type=\"column\" data-e-type=\"column\">\n\t\t\t<div class=\"elementor-widget-wrap elementor-element-populated\">\n\t\t\t\t\t\t<div class=\"elementor-element elementor-element-51bd42f elementor-widget elementor-widget-image\" data-id=\"51bd42f\" data-element_type=\"widget\" data-e-type=\"widget\" data-widget_type=\"image.default\">\n\t\t\t\t<div class=\"elementor-widget-container\">\n\t\t\t\t\t\t\t\t\t\t\t\t\t\t\t<img decoding=\"async\" width=\"1024\" height=\"1024\" src=\"https:\/\/crpc-asbl.be\/copie-crpc-activites\/wp-content\/uploads\/2024\/03\/20240223-CAL-CHARLEROI-15-1-1024x1024.jpg\" class=\"attachment-large size-large wp-image-13982\" alt=\"\" srcset=\"https:\/\/crpc-asbl.be\/copie-crpc-activites\/wp-content\/uploads\/2024\/03\/20240223-CAL-CHARLEROI-15-1-1024x1024.jpg 1024w, https:\/\/crpc-asbl.be\/copie-crpc-activites\/wp-content\/uploads\/2024\/03\/20240223-CAL-CHARLEROI-15-1-300x300.jpg 300w, https:\/\/crpc-asbl.be\/copie-crpc-activites\/wp-content\/uploads\/2024\/03\/20240223-CAL-CHARLEROI-15-1-150x150.jpg 150w, https:\/\/crpc-asbl.be\/copie-crpc-activites\/wp-content\/uploads\/2024\/03\/20240223-CAL-CHARLEROI-15-1-768x768.jpg 768w, https:\/\/crpc-asbl.be\/copie-crpc-activites\/wp-content\/uploads\/2024\/03\/20240223-CAL-CHARLEROI-15-1-1080x1080.jpg 1080w, https:\/\/crpc-asbl.be\/copie-crpc-activites\/wp-content\/uploads\/2024\/03\/20240223-CAL-CHARLEROI-15-1-440x440.jpg 440w, https:\/\/crpc-asbl.be\/copie-crpc-activites\/wp-content\/uploads\/2024\/03\/20240223-CAL-CHARLEROI-15-1.jpg 1250w\" sizes=\"(max-width: 1024px) 100vw, 1024px\" \/>\t\t\t\t\t\t\t\t\t\t\t\t\t\t\t<\/div>\n\t\t\t\t<\/div>\n\t\t\t\t\t<\/div>\n\t\t<\/div>\n\t\t\t\t<div class=\"elementor-column elementor-col-33 elementor-top-column elementor-element elementor-element-92a85e4\" data-id=\"92a85e4\" data-element_type=\"column\" data-e-type=\"column\">\n\t\t\t<div class=\"elementor-widget-wrap elementor-element-populated\">\n\t\t\t\t\t\t<div class=\"elementor-element elementor-element-c0f17da elementor-widget elementor-widget-image\" data-id=\"c0f17da\" data-element_type=\"widget\" data-e-type=\"widget\" data-widget_type=\"image.default\">\n\t\t\t\t<div class=\"elementor-widget-container\">\n\t\t\t\t\t\t\t\t\t\t\t\t\t\t\t<img decoding=\"async\" width=\"1024\" height=\"1024\" src=\"https:\/\/crpc-asbl.be\/copie-crpc-activites\/wp-content\/uploads\/2024\/03\/20240223-CAL-CHARLEROI-16-1-1024x1024.jpg\" class=\"attachment-large size-large wp-image-13983\" alt=\"\" srcset=\"https:\/\/crpc-asbl.be\/copie-crpc-activites\/wp-content\/uploads\/2024\/03\/20240223-CAL-CHARLEROI-16-1-1024x1024.jpg 1024w, https:\/\/crpc-asbl.be\/copie-crpc-activites\/wp-content\/uploads\/2024\/03\/20240223-CAL-CHARLEROI-16-1-300x300.jpg 300w, https:\/\/crpc-asbl.be\/copie-crpc-activites\/wp-content\/uploads\/2024\/03\/20240223-CAL-CHARLEROI-16-1-150x150.jpg 150w, https:\/\/crpc-asbl.be\/copie-crpc-activites\/wp-content\/uploads\/2024\/03\/20240223-CAL-CHARLEROI-16-1-768x768.jpg 768w, https:\/\/crpc-asbl.be\/copie-crpc-activites\/wp-content\/uploads\/2024\/03\/20240223-CAL-CHARLEROI-16-1-1080x1080.jpg 1080w, https:\/\/crpc-asbl.be\/copie-crpc-activites\/wp-content\/uploads\/2024\/03\/20240223-CAL-CHARLEROI-16-1-440x440.jpg 440w, https:\/\/crpc-asbl.be\/copie-crpc-activites\/wp-content\/uploads\/2024\/03\/20240223-CAL-CHARLEROI-16-1.jpg 1250w\" sizes=\"(max-width: 1024px) 100vw, 1024px\" \/>\t\t\t\t\t\t\t\t\t\t\t\t\t\t\t<\/div>\n\t\t\t\t<\/div>\n\t\t\t\t\t<\/div>\n\t\t<\/div>\n\t\t\t\t\t<\/div>\n\t\t<\/section>\n\t\t<div class=\"elementor-element elementor-element-d8c2996 e-flex e-con-boxed e-con e-parent\" data-id=\"d8c2996\" data-element_type=\"container\" data-e-type=\"container\">\n\t\t\t\t\t<div class=\"e-con-inner\">\n\t\t<div class=\"elementor-element elementor-element-271d891 e-con-full e-flex e-con e-child\" data-id=\"271d891\" data-element_type=\"container\" data-e-type=\"container\">\n\t\t\t\t<div class=\"elementor-element elementor-element-7037ead elementor-widget elementor-widget-image\" data-id=\"7037ead\" data-element_type=\"widget\" data-e-type=\"widget\" data-widget_type=\"image.default\">\n\t\t\t\t<div class=\"elementor-widget-container\">\n\t\t\t\t\t\t\t\t\t\t\t\t\t\t\t<img fetchpriority=\"high\" fetchpriority=\"high\" decoding=\"async\" width=\"1024\" height=\"1024\" src=\"https:\/\/crpc-asbl.be\/copie-crpc-activites\/wp-content\/uploads\/2024\/03\/20240223-CAL-CHARLEROI-14-1-1024x1024.jpg\" class=\"attachment-large size-large wp-image-13981\" alt=\"\" srcset=\"https:\/\/crpc-asbl.be\/copie-crpc-activites\/wp-content\/uploads\/2024\/03\/20240223-CAL-CHARLEROI-14-1-1024x1024.jpg 1024w, https:\/\/crpc-asbl.be\/copie-crpc-activites\/wp-content\/uploads\/2024\/03\/20240223-CAL-CHARLEROI-14-1-300x300.jpg 300w, https:\/\/crpc-asbl.be\/copie-crpc-activites\/wp-content\/uploads\/2024\/03\/20240223-CAL-CHARLEROI-14-1-150x150.jpg 150w, https:\/\/crpc-asbl.be\/copie-crpc-activites\/wp-content\/uploads\/2024\/03\/20240223-CAL-CHARLEROI-14-1-768x768.jpg 768w, https:\/\/crpc-asbl.be\/copie-crpc-activites\/wp-content\/uploads\/2024\/03\/20240223-CAL-CHARLEROI-14-1-1080x1080.jpg 1080w, https:\/\/crpc-asbl.be\/copie-crpc-activites\/wp-content\/uploads\/2024\/03\/20240223-CAL-CHARLEROI-14-1-440x440.jpg 440w, https:\/\/crpc-asbl.be\/copie-crpc-activites\/wp-content\/uploads\/2024\/03\/20240223-CAL-CHARLEROI-14-1.jpg 1250w\" sizes=\"(max-width: 1024px) 100vw, 1024px\" \/>\t\t\t\t\t\t\t\t\t\t\t\t\t\t\t<\/div>\n\t\t\t\t<\/div>\n\t\t\t\t<\/div>\n\t\t<div class=\"elementor-element elementor-element-5125195 e-con-full e-flex e-con e-child\" data-id=\"5125195\" data-element_type=\"container\" data-e-type=\"container\">\n\t\t\t\t<div class=\"elementor-element elementor-element-563d559 elementor-widget elementor-widget-image\" data-id=\"563d559\" data-element_type=\"widget\" data-e-type=\"widget\" data-widget_type=\"image.default\">\n\t\t\t\t<div class=\"elementor-widget-container\">\n\t\t\t\t\t\t\t\t\t\t\t\t\t\t\t<img decoding=\"async\" width=\"1024\" height=\"1024\" src=\"https:\/\/crpc-asbl.be\/copie-crpc-activites\/wp-content\/uploads\/2024\/03\/20240223-CAL-CHARLEROI-15-1-1024x1024.jpg\" class=\"attachment-large size-large wp-image-13982\" alt=\"\" srcset=\"https:\/\/crpc-asbl.be\/copie-crpc-activites\/wp-content\/uploads\/2024\/03\/20240223-CAL-CHARLEROI-15-1-1024x1024.jpg 1024w, https:\/\/crpc-asbl.be\/copie-crpc-activites\/wp-content\/uploads\/2024\/03\/20240223-CAL-CHARLEROI-15-1-300x300.jpg 300w, https:\/\/crpc-asbl.be\/copie-crpc-activites\/wp-content\/uploads\/2024\/03\/20240223-CAL-CHARLEROI-15-1-150x150.jpg 150w, https:\/\/crpc-asbl.be\/copie-crpc-activites\/wp-content\/uploads\/2024\/03\/20240223-CAL-CHARLEROI-15-1-768x768.jpg 768w, https:\/\/crpc-asbl.be\/copie-crpc-activites\/wp-content\/uploads\/2024\/03\/20240223-CAL-CHARLEROI-15-1-1080x1080.jpg 1080w, https:\/\/crpc-asbl.be\/copie-crpc-activites\/wp-content\/uploads\/2024\/03\/20240223-CAL-CHARLEROI-15-1-440x440.jpg 440w, https:\/\/crpc-asbl.be\/copie-crpc-activites\/wp-content\/uploads\/2024\/03\/20240223-CAL-CHARLEROI-15-1.jpg 1250w\" sizes=\"(max-width: 1024px) 100vw, 1024px\" \/>\t\t\t\t\t\t\t\t\t\t\t\t\t\t\t<\/div>\n\t\t\t\t<\/div>\n\t\t\t\t<\/div>\n\t\t<div class=\"elementor-element elementor-element-b235aa9 e-con-full e-flex e-con e-child\" data-id=\"b235aa9\" data-element_type=\"container\" data-e-type=\"container\">\n\t\t\t\t<div class=\"elementor-element elementor-element-8cd7c09 elementor-widget elementor-widget-image\" data-id=\"8cd7c09\" data-element_type=\"widget\" data-e-type=\"widget\" data-widget_type=\"image.default\">\n\t\t\t\t<div class=\"elementor-widget-container\">\n\t\t\t\t\t\t\t\t\t\t\t\t\t\t\t<img decoding=\"async\" width=\"1024\" height=\"1024\" src=\"https:\/\/crpc-asbl.be\/copie-crpc-activites\/wp-content\/uploads\/2024\/03\/20240223-CAL-CHARLEROI-16-1-1024x1024.jpg\" class=\"attachment-large size-large wp-image-13983\" alt=\"\" srcset=\"https:\/\/crpc-asbl.be\/copie-crpc-activites\/wp-content\/uploads\/2024\/03\/20240223-CAL-CHARLEROI-16-1-1024x1024.jpg 1024w, https:\/\/crpc-asbl.be\/copie-crpc-activites\/wp-content\/uploads\/2024\/03\/20240223-CAL-CHARLEROI-16-1-300x300.jpg 300w, https:\/\/crpc-asbl.be\/copie-crpc-activites\/wp-content\/uploads\/2024\/03\/20240223-CAL-CHARLEROI-16-1-150x150.jpg 150w, https:\/\/crpc-asbl.be\/copie-crpc-activites\/wp-content\/uploads\/2024\/03\/20240223-CAL-CHARLEROI-16-1-768x768.jpg 768w, https:\/\/crpc-asbl.be\/copie-crpc-activites\/wp-content\/uploads\/2024\/03\/20240223-CAL-CHARLEROI-16-1-1080x1080.jpg 1080w, https:\/\/crpc-asbl.be\/copie-crpc-activites\/wp-content\/uploads\/2024\/03\/20240223-CAL-CHARLEROI-16-1-440x440.jpg 440w, https:\/\/crpc-asbl.be\/copie-crpc-activites\/wp-content\/uploads\/2024\/03\/20240223-CAL-CHARLEROI-16-1.jpg 1250w\" sizes=\"(max-width: 1024px) 100vw, 1024px\" \/>\t\t\t\t\t\t\t\t\t\t\t\t\t\t\t<\/div>\n\t\t\t\t<\/div>\n\t\t\t\t<\/div>\n\t\t\t\t\t<\/div>\n\t\t\t\t<\/div>\n\t\t\t\t<section class=\"elementor-section elementor-top-section elementor-element elementor-element-88d116a elementor-section-boxed elementor-section-height-default elementor-section-height-default\" data-id=\"88d116a\" data-element_type=\"section\" data-e-type=\"section\">\n\t\t\t\t\t\t<div class=\"elementor-container elementor-column-gap-default\">\n\t\t\t\t\t<div class=\"elementor-column elementor-col-100 elementor-top-column elementor-element elementor-element-1c85003\" data-id=\"1c85003\" data-element_type=\"column\" data-e-type=\"column\">\n\t\t\t<div class=\"elementor-widget-wrap elementor-element-populated\">\n\t\t\t\t\t\t<div class=\"elementor-element elementor-element-64ee843 elementor-widget elementor-widget-text-editor\" data-id=\"64ee843\" data-element_type=\"widget\" data-e-type=\"widget\" data-widget_type=\"text-editor.default\">\n\t\t\t\t<div class=\"elementor-widget-container\">\n\t\t\t\t\t\t\t\t\t<p>Mais ce n&rsquo;est qu&rsquo;un &lt; au revoir &gt; !<\/p><p>Vous pourrez de nouveau d\u00e9couvrir ou revisiter prochainement cette \u00a0exposition<\/p><p>au CCS Parentville \u00e0 Couillet<\/p>\t\t\t\t\t\t\t\t<\/div>\n\t\t\t\t<\/div>\n\t\t\t\t\t<\/div>\n\t\t<\/div>\n\t\t\t\t\t<\/div>\n\t\t<\/section>\n\t\t<div class=\"elementor-element elementor-element-80f82a1 e-flex e-con-boxed e-con e-parent\" data-id=\"80f82a1\" data-element_type=\"container\" data-e-type=\"container\">\n\t\t\t\t\t<div class=\"e-con-inner\">\n\t\t<div class=\"elementor-element elementor-element-ab2c78f e-con-full e-flex e-con e-child\" data-id=\"ab2c78f\" data-element_type=\"container\" data-e-type=\"container\">\n\t\t\t\t<div class=\"elementor-element elementor-element-17d524e elementor-widget elementor-widget-text-editor\" data-id=\"17d524e\" data-element_type=\"widget\" data-e-type=\"widget\" data-widget_type=\"text-editor.default\">\n\t\t\t\t<div class=\"elementor-widget-container\">\n\t\t\t\t\t\t\t\t\t<p>Mais ce n&rsquo;est qu&rsquo;un &lt; au revoir &gt; !<\/p><p>Vous pourrez de nouveau d\u00e9couvrir ou revisiter prochainement cette \u00a0exposition<\/p><p>au CCS Parentville \u00e0 Couillet<\/p>\t\t\t\t\t\t\t\t<\/div>\n\t\t\t\t<\/div>\n\t\t\t\t<\/div>\n\t\t\t\t\t<\/div>\n\t\t\t\t<\/div>\n\t\t\t\t<section class=\"elementor-section elementor-top-section elementor-element elementor-element-4306f9a elementor-section-boxed elementor-section-height-default elementor-section-height-default\" data-id=\"4306f9a\" data-element_type=\"section\" data-e-type=\"section\">\n\t\t\t\t\t\t<div class=\"elementor-container elementor-column-gap-default\">\n\t\t\t\t\t<div class=\"elementor-column elementor-col-100 elementor-top-column elementor-element elementor-element-6a0a506\" data-id=\"6a0a506\" data-element_type=\"column\" data-e-type=\"column\">\n\t\t\t<div class=\"elementor-widget-wrap elementor-element-populated\">\n\t\t\t\t\t\t<div class=\"elementor-element elementor-element-45cc4ec elementor-widget elementor-widget-image\" data-id=\"45cc4ec\" data-element_type=\"widget\" data-e-type=\"widget\" data-widget_type=\"image.default\">\n\t\t\t\t<div class=\"elementor-widget-container\">\n\t\t\t\t\t\t\t\t\t\t\t\t\t\t\t<img decoding=\"async\" src=\"https:\/\/www.crpc.be\/crpc_wp\/wp-content\/uploads\/2024\/02\/EXPO-O3-2024-CCS-PUB-US-01.jpg\" title=\"\" alt=\"\" loading=\"lazy\" \/>\t\t\t\t\t\t\t\t\t\t\t\t\t\t\t<\/div>\n\t\t\t\t<\/div>\n\t\t\t\t\t<\/div>\n\t\t<\/div>\n\t\t\t\t\t<\/div>\n\t\t<\/section>\n\t\t<div class=\"elementor-element elementor-element-f30a21c e-flex e-con-boxed e-con e-parent\" data-id=\"f30a21c\" data-element_type=\"container\" data-e-type=\"container\">\n\t\t\t\t\t<div class=\"e-con-inner\">\n\t\t<div class=\"elementor-element elementor-element-61bbd72 e-con-full e-flex e-con e-child\" data-id=\"61bbd72\" data-element_type=\"container\" data-e-type=\"container\">\n\t\t\t\t<div class=\"elementor-element elementor-element-e911623 elementor-widget elementor-widget-image\" data-id=\"e911623\" data-element_type=\"widget\" data-e-type=\"widget\" data-widget_type=\"image.default\">\n\t\t\t\t<div class=\"elementor-widget-container\">\n\t\t\t\t\t\t\t\t\t\t\t\t\t\t\t<img decoding=\"async\" src=\"https:\/\/www.crpc.be\/crpc_wp\/wp-content\/uploads\/2024\/02\/EXPO-O3-2024-CCS-PUB-US-01.jpg\" title=\"\" alt=\"\" loading=\"lazy\" \/>\t\t\t\t\t\t\t\t\t\t\t\t\t\t\t<\/div>\n\t\t\t\t<\/div>\n\t\t\t\t<\/div>\n\t\t\t\t\t<\/div>\n\t\t\t\t<\/div>\n\t\t\t\t<\/div>\n\t\t","protected":false},"excerpt":{"rendered":"<p>Notre exposition \u00ab\u00a0Charleroi sort du cadre\u00a0\u00bb s&rsquo;est cl\u00f4tur\u00e9e ce vendredi 23\/02\/2024par une conf\u00e9rence organis\u00e9e par le CAL Charleroi\u00ab\u00a0La Photographie, L&rsquo;Humain, L&rsquo;Environnement\u00a0\u00bbavec Andr\u00e9a Olga Mantovani. \u00a0\u00bb Quel r\u00f4le peut jouer la photographie dans un \u00e9veil des consciences ? En quoi repenser notre lien avec la nature nous pousse \u00e0 r\u00e9inventer notre libert\u00e9 ? Quelle place faut-il [&hellip;]<\/p>\n","protected":false},"author":1,"featured_media":13995,"comment_status":"open","ping_status":"open","sticky":false,"template":"elementor_header_footer","format":"standard","meta":{"_et_pb_use_builder":"","_et_pb_old_content":"","_et_gb_content_width":"","_eb_attr":"","footnotes":""},"categories":[31,40],"tags":[41,42],"class_list":["post-12991","post","type-post","status-publish","format-standard","has-post-thumbnail","hentry","category-2020-2029","category-charleroi-sort-de-cadre","tag-conference","tag-exposition","et-has-post-format-content","et_post_format-et-post-format-standard"],"_links":{"self":[{"href":"https:\/\/crpc-asbl.be\/copie-crpc-activites\/wp-json\/wp\/v2\/posts\/12991","targetHints":{"allow":["GET"]}}],"collection":[{"href":"https:\/\/crpc-asbl.be\/copie-crpc-activites\/wp-json\/wp\/v2\/posts"}],"about":[{"href":"https:\/\/crpc-asbl.be\/copie-crpc-activites\/wp-json\/wp\/v2\/types\/post"}],"author":[{"embeddable":true,"href":"https:\/\/crpc-asbl.be\/copie-crpc-activites\/wp-json\/wp\/v2\/users\/1"}],"replies":[{"embeddable":true,"href":"https:\/\/crpc-asbl.be\/copie-crpc-activites\/wp-json\/wp\/v2\/comments?post=12991"}],"version-history":[{"count":0,"href":"https:\/\/crpc-asbl.be\/copie-crpc-activites\/wp-json\/wp\/v2\/posts\/12991\/revisions"}],"wp:featuredmedia":[{"embeddable":true,"href":"https:\/\/crpc-asbl.be\/copie-crpc-activites\/wp-json\/wp\/v2\/media\/13995"}],"wp:attachment":[{"href":"https:\/\/crpc-asbl.be\/copie-crpc-activites\/wp-json\/wp\/v2\/media?parent=12991"}],"wp:term":[{"taxonomy":"category","embeddable":true,"href":"https:\/\/crpc-asbl.be\/copie-crpc-activites\/wp-json\/wp\/v2\/categories?post=12991"},{"taxonomy":"post_tag","embeddable":true,"href":"https:\/\/crpc-asbl.be\/copie-crpc-activites\/wp-json\/wp\/v2\/tags?post=12991"}],"curies":[{"name":"wp","href":"https:\/\/api.w.org\/{rel}","templated":true}]}}