{"id":1010,"date":"2019-12-07T17:55:24","date_gmt":"2019-12-07T16:55:24","guid":{"rendered":"https:\/\/www.crpc.be\/?p=1010"},"modified":"2024-03-23T15:42:06","modified_gmt":"2024-03-23T14:42:06","slug":"conference-la-photographie-a-charleroi-par-g-vercheval","status":"publish","type":"post","link":"https:\/\/crpc-asbl.be\/copie-crpc-activites\/2019\/12\/07\/conference-la-photographie-a-charleroi-par-g-vercheval\/","title":{"rendered":"Conf\u00e9rence \u00ab La Photographie \u00e0 Charleroi \u00bb par Georges Vercheval"},"content":{"rendered":"\t\t<div data-elementor-type=\"wp-post\" data-elementor-id=\"1010\" class=\"elementor elementor-1010\">\n\t\t\t\t\t\t<section class=\"elementor-section elementor-top-section elementor-element elementor-element-5e586e3 elementor-section-boxed elementor-section-height-default elementor-section-height-default\" data-id=\"5e586e3\" data-element_type=\"section\" data-e-type=\"section\">\n\t\t\t\t\t\t<div class=\"elementor-container elementor-column-gap-default\">\n\t\t\t\t\t<div class=\"elementor-column elementor-col-100 elementor-top-column elementor-element elementor-element-14399d58\" data-id=\"14399d58\" data-element_type=\"column\" data-e-type=\"column\">\n\t\t\t<div class=\"elementor-widget-wrap elementor-element-populated\">\n\t\t\t\t\t\t<div class=\"elementor-element elementor-element-1c774b9d elementor-widget elementor-widget-text-editor\" data-id=\"1c774b9d\" data-element_type=\"widget\" data-e-type=\"widget\" data-widget_type=\"text-editor.default\">\n\t\t\t\t<div class=\"elementor-widget-container\">\n\t\t\t\t\t\t\t\t\t<div>Une premi\u00e8re au CRPC : une conf\u00e9rence au sein de son exposition annuelle !<\/div><div>Avec un invit\u00e9 de marque : Georges Vercheval pour un expos\u00e9 sur \u00ab\u00a0La grande et la petite histoire de la photographie \u00e0 Charleroi\u00a0\u00bb.<\/div><div>\u00a0<\/div><div>Une cinquantaine de personnes se sont install\u00e9es dans l\u2019auditoire du Centre de Culture Scientifique \u00e0 \u00a0Parentville-Couillet, pour \u00e9couter le professeur d\u2019histoire de la Photographie.<\/div><div>\u00a0<\/div><div>Georges Vercheval fut professeur \u00e0 l\u2019Acad\u00e9mie de Charleroi mais aussi (et surtout) le fondateur et premier directeur du Mus\u00e9e de la Photographe de Charleroi. Qui mieux que lui pour nous parler de la Photographie \u00e0 Charleroi !<\/div><div>\u00a0<\/div><div>De nombreux noms (certains connus) ont r\u00e9sonn\u00e9 dans nos oreilles : Misonne, Populaire, Chavepeyer, Deton, Beugnies, Lemaire\u2026<\/div><div>\u00a0<\/div><div>Une belle soir\u00e9e d\u2019immersion photographique.<\/div><div>\u00a0<\/div><div>Merci Monsieur Vercheval !<\/div>\t\t\t\t\t\t\t\t<\/div>\n\t\t\t\t<\/div>\n\t\t\t\t<div class=\"elementor-element elementor-element-f6064a1 elementor-widget elementor-widget-image-gallery\" data-id=\"f6064a1\" data-element_type=\"widget\" data-e-type=\"widget\" data-widget_type=\"image-gallery.default\">\n\t\t\t\t<div class=\"elementor-widget-container\">\n\t\t\t\t\t\t\t<div class=\"elementor-image-gallery\">\n\t\t\t\n\t\t<style type=\"text\/css\">\n\t\t\t#gallery-1 {\n\t\t\t\tmargin: auto;\n\t\t\t}\n\t\t\t#gallery-1 .gallery-item {\n\t\t\t\tfloat: left;\n\t\t\t\tmargin-top: 10px;\n\t\t\t\ttext-align: center;\n\t\t\t\twidth: 25%;\n\t\t\t}\n\t\t\t#gallery-1 img {\n\t\t\t\tborder: 2px solid #cfcfcf;\n\t\t\t}\n\t\t\t#gallery-1 .gallery-caption {\n\t\t\t\tmargin-left: 0;\n\t\t\t}\n\t\t\t\/* see gallery_shortcode() in wp-includes\/media.php *\/\n\t\t<\/style>\n\t\t<div id='gallery-1' class='gallery galleryid-1010 gallery-columns-4 gallery-size-thumbnail'><dl class='gallery-item'>\n\t\t\t<dt class='gallery-icon portrait'>\n\t\t\t\t<a data-elementor-open-lightbox=\"yes\" data-elementor-lightbox-slideshow=\"f6064a1\" data-elementor-lightbox-title=\"Conference_2019-1\" data-e-action-hash=\"#elementor-action%3Aaction%3Dlightbox%26settings%3DeyJpZCI6MTMyODksInVybCI6Imh0dHBzOlwvXC9jcnBjLWFzYmwuYmVcL2NvcGllLWNycGMtYWN0aXZpdGVzXC93cC1jb250ZW50XC91cGxvYWRzXC8yMDI0XC8wM1wvQ29uZmVyZW5jZV8yMDE5LTEuanBnIiwic2xpZGVzaG93IjoiZjYwNjRhMSJ9\" href='https:\/\/crpc-asbl.be\/copie-crpc-activites\/wp-content\/uploads\/2024\/03\/Conference_2019-1.jpg'><img decoding=\"async\" width=\"150\" height=\"150\" src=\"https:\/\/crpc-asbl.be\/copie-crpc-activites\/wp-content\/uploads\/2024\/03\/Conference_2019-1-150x150.jpg\" class=\"attachment-thumbnail size-thumbnail\" alt=\"\" \/><\/a>\n\t\t\t<\/dt><\/dl><dl class='gallery-item'>\n\t\t\t<dt class='gallery-icon landscape'>\n\t\t\t\t<a data-elementor-open-lightbox=\"yes\" data-elementor-lightbox-slideshow=\"f6064a1\" data-elementor-lightbox-title=\"Conference_2019-2\" data-e-action-hash=\"#elementor-action%3Aaction%3Dlightbox%26settings%3DeyJpZCI6MTMyOTAsInVybCI6Imh0dHBzOlwvXC9jcnBjLWFzYmwuYmVcL2NvcGllLWNycGMtYWN0aXZpdGVzXC93cC1jb250ZW50XC91cGxvYWRzXC8yMDI0XC8wM1wvQ29uZmVyZW5jZV8yMDE5LTIuanBnIiwic2xpZGVzaG93IjoiZjYwNjRhMSJ9\" href='https:\/\/crpc-asbl.be\/copie-crpc-activites\/wp-content\/uploads\/2024\/03\/Conference_2019-2.jpg'><img decoding=\"async\" width=\"150\" height=\"150\" src=\"https:\/\/crpc-asbl.be\/copie-crpc-activites\/wp-content\/uploads\/2024\/03\/Conference_2019-2-150x150.jpg\" class=\"attachment-thumbnail size-thumbnail\" alt=\"\" srcset=\"https:\/\/crpc-asbl.be\/copie-crpc-activites\/wp-content\/uploads\/2024\/03\/Conference_2019-2-150x150.jpg 150w, https:\/\/crpc-asbl.be\/copie-crpc-activites\/wp-content\/uploads\/2024\/03\/Conference_2019-2-440x440.jpg 440w\" sizes=\"(max-width: 150px) 100vw, 150px\" \/><\/a>\n\t\t\t<\/dt><\/dl><dl class='gallery-item'>\n\t\t\t<dt class='gallery-icon landscape'>\n\t\t\t\t<a data-elementor-open-lightbox=\"yes\" data-elementor-lightbox-slideshow=\"f6064a1\" data-elementor-lightbox-title=\"Conference_2019-3\" data-e-action-hash=\"#elementor-action%3Aaction%3Dlightbox%26settings%3DeyJpZCI6MTMyOTEsInVybCI6Imh0dHBzOlwvXC9jcnBjLWFzYmwuYmVcL2NvcGllLWNycGMtYWN0aXZpdGVzXC93cC1jb250ZW50XC91cGxvYWRzXC8yMDI0XC8wM1wvQ29uZmVyZW5jZV8yMDE5LTMuanBnIiwic2xpZGVzaG93IjoiZjYwNjRhMSJ9\" href='https:\/\/crpc-asbl.be\/copie-crpc-activites\/wp-content\/uploads\/2024\/03\/Conference_2019-3.jpg'><img decoding=\"async\" width=\"150\" height=\"150\" src=\"https:\/\/crpc-asbl.be\/copie-crpc-activites\/wp-content\/uploads\/2024\/03\/Conference_2019-3-150x150.jpg\" class=\"attachment-thumbnail size-thumbnail\" alt=\"\" srcset=\"https:\/\/crpc-asbl.be\/copie-crpc-activites\/wp-content\/uploads\/2024\/03\/Conference_2019-3-150x150.jpg 150w, https:\/\/crpc-asbl.be\/copie-crpc-activites\/wp-content\/uploads\/2024\/03\/Conference_2019-3-440x440.jpg 440w\" sizes=\"(max-width: 150px) 100vw, 150px\" \/><\/a>\n\t\t\t<\/dt><\/dl><dl class='gallery-item'>\n\t\t\t<dt class='gallery-icon landscape'>\n\t\t\t\t<a data-elementor-open-lightbox=\"yes\" data-elementor-lightbox-slideshow=\"f6064a1\" data-elementor-lightbox-title=\"Conference_2019-4\" data-e-action-hash=\"#elementor-action%3Aaction%3Dlightbox%26settings%3DeyJpZCI6MTMyOTIsInVybCI6Imh0dHBzOlwvXC9jcnBjLWFzYmwuYmVcL2NvcGllLWNycGMtYWN0aXZpdGVzXC93cC1jb250ZW50XC91cGxvYWRzXC8yMDI0XC8wM1wvQ29uZmVyZW5jZV8yMDE5LTQuanBnIiwic2xpZGVzaG93IjoiZjYwNjRhMSJ9\" href='https:\/\/crpc-asbl.be\/copie-crpc-activites\/wp-content\/uploads\/2024\/03\/Conference_2019-4.jpg'><img loading=\"lazy\" loading=\"lazy\" decoding=\"async\" width=\"150\" height=\"150\" src=\"https:\/\/crpc-asbl.be\/copie-crpc-activites\/wp-content\/uploads\/2024\/03\/Conference_2019-4-150x150.jpg\" class=\"attachment-thumbnail size-thumbnail\" alt=\"\" srcset=\"https:\/\/crpc-asbl.be\/copie-crpc-activites\/wp-content\/uploads\/2024\/03\/Conference_2019-4-150x150.jpg 150w, https:\/\/crpc-asbl.be\/copie-crpc-activites\/wp-content\/uploads\/2024\/03\/Conference_2019-4-440x440.jpg 440w\" sizes=\"(max-width: 150px) 100vw, 150px\" \/><\/a>\n\t\t\t<\/dt><\/dl><br style=\"clear: both\" \/><dl class='gallery-item'>\n\t\t\t<dt class='gallery-icon landscape'>\n\t\t\t\t<a data-elementor-open-lightbox=\"yes\" data-elementor-lightbox-slideshow=\"f6064a1\" data-elementor-lightbox-title=\"Conference_2019-5\" data-e-action-hash=\"#elementor-action%3Aaction%3Dlightbox%26settings%3DeyJpZCI6MTMyOTMsInVybCI6Imh0dHBzOlwvXC9jcnBjLWFzYmwuYmVcL2NvcGllLWNycGMtYWN0aXZpdGVzXC93cC1jb250ZW50XC91cGxvYWRzXC8yMDI0XC8wM1wvQ29uZmVyZW5jZV8yMDE5LTUtMS5qcGciLCJzbGlkZXNob3ciOiJmNjA2NGExIn0%3D\" href='https:\/\/crpc-asbl.be\/copie-crpc-activites\/wp-content\/uploads\/2024\/03\/Conference_2019-5-1.jpg'><img loading=\"lazy\" loading=\"lazy\" decoding=\"async\" width=\"150\" height=\"150\" src=\"https:\/\/crpc-asbl.be\/copie-crpc-activites\/wp-content\/uploads\/2024\/03\/Conference_2019-5-1-150x150.jpg\" class=\"attachment-thumbnail size-thumbnail\" alt=\"\" srcset=\"https:\/\/crpc-asbl.be\/copie-crpc-activites\/wp-content\/uploads\/2024\/03\/Conference_2019-5-1-150x150.jpg 150w, https:\/\/crpc-asbl.be\/copie-crpc-activites\/wp-content\/uploads\/2024\/03\/Conference_2019-5-1-300x300.jpg 300w, https:\/\/crpc-asbl.be\/copie-crpc-activites\/wp-content\/uploads\/2024\/03\/Conference_2019-5-1-440x440.jpg 440w, https:\/\/crpc-asbl.be\/copie-crpc-activites\/wp-content\/uploads\/2024\/03\/Conference_2019-5-1.jpg 640w\" sizes=\"(max-width: 150px) 100vw, 150px\" \/><\/a>\n\t\t\t<\/dt><\/dl><dl class='gallery-item'>\n\t\t\t<dt class='gallery-icon portrait'>\n\t\t\t\t<a data-elementor-open-lightbox=\"yes\" data-elementor-lightbox-slideshow=\"f6064a1\" data-elementor-lightbox-title=\"Conference_2019-6\" data-e-action-hash=\"#elementor-action%3Aaction%3Dlightbox%26settings%3DeyJpZCI6MTMyOTQsInVybCI6Imh0dHBzOlwvXC9jcnBjLWFzYmwuYmVcL2NvcGllLWNycGMtYWN0aXZpdGVzXC93cC1jb250ZW50XC91cGxvYWRzXC8yMDI0XC8wM1wvQ29uZmVyZW5jZV8yMDE5LTYuanBnIiwic2xpZGVzaG93IjoiZjYwNjRhMSJ9\" href='https:\/\/crpc-asbl.be\/copie-crpc-activites\/wp-content\/uploads\/2024\/03\/Conference_2019-6.jpg'><img loading=\"lazy\" loading=\"lazy\" decoding=\"async\" width=\"150\" height=\"150\" src=\"https:\/\/crpc-asbl.be\/copie-crpc-activites\/wp-content\/uploads\/2024\/03\/Conference_2019-6-150x150.jpg\" class=\"attachment-thumbnail size-thumbnail\" alt=\"\" \/><\/a>\n\t\t\t<\/dt><\/dl><dl class='gallery-item'>\n\t\t\t<dt class='gallery-icon landscape'>\n\t\t\t\t<a data-elementor-open-lightbox=\"yes\" data-elementor-lightbox-slideshow=\"f6064a1\" data-elementor-lightbox-title=\"Conference_2019-7\" data-e-action-hash=\"#elementor-action%3Aaction%3Dlightbox%26settings%3DeyJpZCI6MTMyOTUsInVybCI6Imh0dHBzOlwvXC9jcnBjLWFzYmwuYmVcL2NvcGllLWNycGMtYWN0aXZpdGVzXC93cC1jb250ZW50XC91cGxvYWRzXC8yMDI0XC8wM1wvQ29uZmVyZW5jZV8yMDE5LTcuanBnIiwic2xpZGVzaG93IjoiZjYwNjRhMSJ9\" href='https:\/\/crpc-asbl.be\/copie-crpc-activites\/wp-content\/uploads\/2024\/03\/Conference_2019-7.jpg'><img loading=\"lazy\" loading=\"lazy\" decoding=\"async\" width=\"150\" height=\"150\" src=\"https:\/\/crpc-asbl.be\/copie-crpc-activites\/wp-content\/uploads\/2024\/03\/Conference_2019-7-150x150.jpg\" class=\"attachment-thumbnail size-thumbnail\" alt=\"\" srcset=\"https:\/\/crpc-asbl.be\/copie-crpc-activites\/wp-content\/uploads\/2024\/03\/Conference_2019-7-150x150.jpg 150w, https:\/\/crpc-asbl.be\/copie-crpc-activites\/wp-content\/uploads\/2024\/03\/Conference_2019-7-440x440.jpg 440w\" sizes=\"(max-width: 150px) 100vw, 150px\" \/><\/a>\n\t\t\t<\/dt><\/dl>\n\t\t\t<br style='clear: both' \/>\n\t\t<\/div>\n\t\t<\/div>\n\t\t\t\t\t\t<\/div>\n\t\t\t\t<\/div>\n\t\t\t\t\t<\/div>\n\t\t<\/div>\n\t\t\t\t\t<\/div>\n\t\t<\/section>\n\t\t\t\t<\/div>\n\t\t","protected":false},"excerpt":{"rendered":"<p>Une premi\u00e8re au CRPC : une conf\u00e9rence au sein de son exposition annuelle !Avec un invit\u00e9 de marque : Georges Vercheval pour un expos\u00e9 sur \u00ab\u00a0La grande et la petite histoire de la photographie \u00e0 Charleroi\u00a0\u00bb.\u00a0Une cinquantaine de personnes se sont install\u00e9es dans l\u2019auditoire du Centre de Culture Scientifique \u00e0 \u00a0Parentville-Couillet, pour \u00e9couter le professeur [&hellip;]<\/p>\n","protected":false},"author":1,"featured_media":15463,"comment_status":"closed","ping_status":"open","sticky":false,"template":"elementor_header_footer","format":"standard","meta":{"_et_pb_use_builder":"","_et_pb_old_content":"","_et_gb_content_width":"","_eb_attr":"","footnotes":""},"categories":[30,34],"tags":[],"class_list":["post-1010","post","type-post","status-publish","format-standard","has-post-thumbnail","hentry","category-2010-2019","category-conference","et-has-post-format-content","et_post_format-et-post-format-standard"],"_links":{"self":[{"href":"https:\/\/crpc-asbl.be\/copie-crpc-activites\/wp-json\/wp\/v2\/posts\/1010","targetHints":{"allow":["GET"]}}],"collection":[{"href":"https:\/\/crpc-asbl.be\/copie-crpc-activites\/wp-json\/wp\/v2\/posts"}],"about":[{"href":"https:\/\/crpc-asbl.be\/copie-crpc-activites\/wp-json\/wp\/v2\/types\/post"}],"author":[{"embeddable":true,"href":"https:\/\/crpc-asbl.be\/copie-crpc-activites\/wp-json\/wp\/v2\/users\/1"}],"replies":[{"embeddable":true,"href":"https:\/\/crpc-asbl.be\/copie-crpc-activites\/wp-json\/wp\/v2\/comments?post=1010"}],"version-history":[{"count":0,"href":"https:\/\/crpc-asbl.be\/copie-crpc-activites\/wp-json\/wp\/v2\/posts\/1010\/revisions"}],"wp:featuredmedia":[{"embeddable":true,"href":"https:\/\/crpc-asbl.be\/copie-crpc-activites\/wp-json\/wp\/v2\/media\/15463"}],"wp:attachment":[{"href":"https:\/\/crpc-asbl.be\/copie-crpc-activites\/wp-json\/wp\/v2\/media?parent=1010"}],"wp:term":[{"taxonomy":"category","embeddable":true,"href":"https:\/\/crpc-asbl.be\/copie-crpc-activites\/wp-json\/wp\/v2\/categories?post=1010"},{"taxonomy":"post_tag","embeddable":true,"href":"https:\/\/crpc-asbl.be\/copie-crpc-activites\/wp-json\/wp\/v2\/tags?post=1010"}],"curies":[{"name":"wp","href":"https:\/\/api.w.org\/{rel}","templated":true}]}}