{"id":4201,"date":"2021-06-30T18:17:34","date_gmt":"2021-06-30T16:17:34","guid":{"rendered":"https:\/\/www.crpc.be\/crpc_wp\/?p=4201"},"modified":"2024-03-23T16:24:27","modified_gmt":"2024-03-23T15:24:27","slug":"exposition-2021-charleroi-la-boucle-noire","status":"publish","type":"post","link":"https:\/\/crpc-asbl.be\/activites\/2021\/06\/30\/exposition-2021-charleroi-la-boucle-noire\/","title":{"rendered":"Exposition 2021 &#8211; CHARLEROI, la Boucle Noire"},"content":{"rendered":"\t\t<div data-elementor-type=\"wp-post\" data-elementor-id=\"4201\" class=\"elementor elementor-4201\">\n\t\t\t\t\t\t<section class=\"elementor-section elementor-top-section elementor-element elementor-element-538281dc elementor-section-boxed elementor-section-height-default elementor-section-height-default\" data-id=\"538281dc\" data-element_type=\"section\" data-e-type=\"section\" data-settings=\"{&quot;background_background&quot;:&quot;classic&quot;}\">\n\t\t\t\t\t\t<div class=\"elementor-container elementor-column-gap-default\">\n\t\t\t\t\t<div class=\"elementor-column elementor-col-100 elementor-top-column elementor-element elementor-element-7aa0d102\" data-id=\"7aa0d102\" data-element_type=\"column\" data-e-type=\"column\">\n\t\t\t<div class=\"elementor-widget-wrap elementor-element-populated\">\n\t\t\t\t\t\t<div class=\"elementor-element elementor-element-5e4923e0 elementor-widget elementor-widget-text-editor\" data-id=\"5e4923e0\" data-element_type=\"widget\" data-e-type=\"widget\" data-widget_type=\"text-editor.default\">\n\t\t\t\t<div class=\"elementor-widget-container\">\n\t\t\t\t\t\t\t\t\t<h2 style=\"text-align: center;\"><b>La Boucle Noire<\/b><\/h2><p style=\"text-align: justify;\"><span style=\"font-family: verdana, geneva, sans-serif;\"><em>Introduction de Jean-Pierre Coqlet<\/em>,<\/span><\/p><p style=\"text-align: justify;\"><span style=\"font-family: verdana, geneva, sans-serif;\">La Boucle Noire est un itin\u00e9raire de randonn\u00e9e long de 22 km qui permet de d\u00e9couvrir les nombreuses facettes de la partie ouest de l\u2019entit\u00e9 de Charleroi.<span class=\"Apple-converted-space\">\u00a0<\/span><\/span><\/p><p style=\"text-align: justify;\"><span style=\"font-family: verdana, geneva, sans-serif;\">Issue de la collaboration entre l\u2019asbl Chemins des terrils et les Sentiers de Grande Randonn\u00e9e, cette boucle p\u00e9destre s\u2019ancre sur le GR412 et le compl\u00e8te en sautant de la Sambre au canal Charleroi-Bruxelles pour relier le centre-ville de Charleroi aux communes de Marcinelle, Marchienne-au-Pont, Monceau-sur-Sambre, Roux et Dampremy.<\/span><\/p><p style=\"text-align: justify;\"><span style=\"font-family: verdana, geneva, sans-serif;\">Le parcours traverse des paysages contrast\u00e9s le plus souvent marqu\u00e9s par l\u2019extraction m\u00e9morable du charbon et par l\u2019industrie lourde dont la sid\u00e9rurgie encore bien pr\u00e9sente. Un tron\u00e7on arpente presque toute la cha\u00eene maintenant verdoyante des terrils offrant ainsi des panoramas impressionnants sur l\u2019agglom\u00e9ration et ses usines modernes et anciennes en r\u00e9habilitation.<\/span><\/p><p style=\"text-align: justify;\"><span style=\"font-family: verdana, geneva, sans-serif;\">Le trac\u00e9 aborde aussi plusieurs quartiers de la banlieue carolo faite d\u2019un millefeuille de constructions diverses, r\u00e9sultat de dizaine d\u2019ann\u00e9es de transformations et d\u2019appropriation par les habitants amen\u00e9s \u00e0 vivre dans un environnement peu accueillant faits de charbonnages, de halls industriels, de fum\u00e9es, de poussi\u00e8res, \u2026 Ainsi, le trajet traverse quelques murs, descend presque dans des jardins, fl\u00e2ne au travers de friches d\u00e9sh\u00e9rit\u00e9es, s\u2019engouffre dans un tunnel sombre, se laisse emprisonner par le corridor industriel et inoubliable de la Sambre.<\/span><\/p><p style=\"text-align: justify;\"><span style=\"font-family: verdana, geneva, sans-serif;\">De fa\u00e7on inattendue, la Boucle Noire offre aussi d\u2019autres images de Charleroi aux regards attentifs des visiteurs. En effet, le retour de la Nature rend ringard le clich\u00e9 trop souvent entendu de \u00ab\u00a0Pays Noir\u00a0\u00bb. Ici, un grand bois et un parc entretenu autour de son magnifique ch\u00e2teau historique et class\u00e9, l\u00e0-bas, le halage verdoyant du Canal Charleroi-Bruxelles \u00e0 la mobilit\u00e9 douce, sans oublier les terrils reverdis o\u00f9 se r\u00e9fugie une Nature sp\u00e9cifique et vari\u00e9e \u00e0 l\u2019abri des activit\u00e9s mordantes de la cit\u00e9.<\/span><span style=\"font-family: verdana, geneva, sans-serif; color: var( --e-global-color-text );\">Se laisser guider par cette Boucle Noire \u00ab\u00a0fouineuse\u00a0\u00bb est assur\u00e9ment la meilleure fa\u00e7on de partir \u00e0 la d\u00e9couverte du bassin sambrien ouest et de s\u2019impr\u00e9gner de l\u2019ambiance carolo. Sans conteste, ce sera une approche inhabituelle, impressionnante\u00a0et un brin po\u00e9tique pour capter, sentir, approcher et comprendre une Ville en mutation.<\/span>\u00a0<\/p><p style=\"text-align: justify;\"><span style=\"font-family: verdana, geneva, sans-serif;\">Bonne balade, bonne rando !<\/span><\/p><p style=\"text-align: justify;\"><span style=\"font-family: verdana, geneva, sans-serif;\">Le Cercle Royal Photographique de Charleroi s\u2019est laiss\u00e9 guider et envo\u00fbter durant plusieurs mois par cette randonn\u00e9e. Il vous invite dans son exposition virtuelle (pand\u00e9mie oblige) en esp\u00e9rant vous donner l\u2019envie de venir fouler les d\u00e9tours de cette Boucle Noire bien typique.<\/span><\/p><p style=\"text-align: right;\">\u00a9JPC-20210629<\/p><p style=\"text-align: center;\"><span style=\"font-family: 'trebuchet ms', geneva, sans-serif;\">Notre exposition 2021 est cl\u00f4tur\u00e9e.<\/span><\/p><table style=\"border-collapse: collapse; width: 100%;\"><tbody><tr><td style=\"width: 33.333333333333336%; text-align: center;\"><img decoding=\"async\" class=\"aligncenter wp-image-4270 size-medium\" src=\"https:\/\/www.crpc.be\/crpc_wp\/wp-content\/uploads\/2021\/06\/Oriflamme_BN_G-120x300.png\" alt=\"\" width=\"120\" height=\"300\" \/><\/td><td style=\"width: 33.333333333333336%; text-align: center;\"><img fetchpriority=\"high\" fetchpriority=\"high\" decoding=\"async\" class=\"aligncenter wp-image-5194 size-medium\" src=\"https:\/\/www.crpc.be\/crpc_wp\/wp-content\/uploads\/2021\/12\/Exposition_2021_La_Boucle_Noire_Entree-300x199.png\" alt=\"\" width=\"300\" height=\"199\" \/><\/td><td style=\"width: 33.333333333333336%; text-align: center;\"><img decoding=\"async\" class=\"aligncenter wp-image-4269 size-medium\" src=\"https:\/\/www.crpc.be\/crpc_wp\/wp-content\/uploads\/2021\/06\/Oriflamme_BN_D-120x300.png\" alt=\"\" width=\"120\" height=\"300\" \/><\/td><\/tr><\/tbody><\/table><p style=\"text-align: center;\">\u00a0<\/p>\t\t\t\t\t\t\t\t<\/div>\n\t\t\t\t<\/div>\n\t\t\t\t\t<\/div>\n\t\t<\/div>\n\t\t\t\t\t<\/div>\n\t\t<\/section>\n\t\t\t\t<\/div>\n\t\t","protected":false},"excerpt":{"rendered":"<p>La Boucle Noire Introduction de Jean-Pierre Coqlet, La Boucle Noire est un itin\u00e9raire de randonn\u00e9e long de 22 km qui permet de d\u00e9couvrir les nombreuses facettes de la partie ouest de l\u2019entit\u00e9 de Charleroi.\u00a0 Issue de la collaboration entre l\u2019asbl Chemins des terrils et les Sentiers de Grande Randonn\u00e9e, cette boucle p\u00e9destre s\u2019ancre sur le [&hellip;]<\/p>\n","protected":false},"author":1,"featured_media":15480,"comment_status":"closed","ping_status":"open","sticky":false,"template":"elementor_header_footer","format":"standard","meta":{"_et_pb_use_builder":"","_et_pb_old_content":"","_et_gb_content_width":"","_eb_attr":"","footnotes":""},"categories":[31,33],"tags":[],"class_list":["post-4201","post","type-post","status-publish","format-standard","has-post-thumbnail","hentry","category-2020-2029","category-exposition","et-has-post-format-content","et_post_format-et-post-format-standard"],"_links":{"self":[{"href":"https:\/\/crpc-asbl.be\/activites\/wp-json\/wp\/v2\/posts\/4201","targetHints":{"allow":["GET"]}}],"collection":[{"href":"https:\/\/crpc-asbl.be\/activites\/wp-json\/wp\/v2\/posts"}],"about":[{"href":"https:\/\/crpc-asbl.be\/activites\/wp-json\/wp\/v2\/types\/post"}],"author":[{"embeddable":true,"href":"https:\/\/crpc-asbl.be\/activites\/wp-json\/wp\/v2\/users\/1"}],"replies":[{"embeddable":true,"href":"https:\/\/crpc-asbl.be\/activites\/wp-json\/wp\/v2\/comments?post=4201"}],"version-history":[{"count":0,"href":"https:\/\/crpc-asbl.be\/activites\/wp-json\/wp\/v2\/posts\/4201\/revisions"}],"wp:featuredmedia":[{"embeddable":true,"href":"https:\/\/crpc-asbl.be\/activites\/wp-json\/wp\/v2\/media\/15480"}],"wp:attachment":[{"href":"https:\/\/crpc-asbl.be\/activites\/wp-json\/wp\/v2\/media?parent=4201"}],"wp:term":[{"taxonomy":"category","embeddable":true,"href":"https:\/\/crpc-asbl.be\/activites\/wp-json\/wp\/v2\/categories?post=4201"},{"taxonomy":"post_tag","embeddable":true,"href":"https:\/\/crpc-asbl.be\/activites\/wp-json\/wp\/v2\/tags?post=4201"}],"curies":[{"name":"wp","href":"https:\/\/api.w.org\/{rel}","templated":true}]}}